{"id":83973,"date":"2017-10-25T20:09:51","date_gmt":"2017-10-25T22:09:51","guid":{"rendered":"http:\/\/diarioregionaljf.com.br\/2017\/10\/25\/estudante-vitima-de-ataque-a-tiros-em-goiania-fica-paraplegica\/"},"modified":"2017-10-25T20:09:51","modified_gmt":"2017-10-25T22:09:51","slug":"estudante-vitima-de-ataque-a-tiros-em-goiania-fica-paraplegica","status":"publish","type":"post","link":"https:\/\/diarioregionaldigital.com.br\/?p=83973","title":{"rendered":"Estudante v\u00edtima de ataque a tiros em Goi\u00e2nia fica parapl\u00e9gica"},"content":{"rendered":"<p>Uma das adolescentes baleadas por um colega dentro da sala de aula, no Col\u00e9gio Goyases, em Goi\u00e2nia, est\u00e1 parapl\u00e9gica. De acordo com o Hospital de Urg\u00eancias de Goi\u00e2nia, a paraplegia j\u00e1 havia sido diagnosticada no dia da entrada da jovem, mas n\u00e3o havia sido informada a pedido de familiares.<\/p>\n<p>A menina apresenta uma les\u00e3o na medula espinhal, perto da 10\u00aa v\u00e9rtebra da coluna tor\u00e1cica, o que acabou comprometendo os movimentos dos membros inferiores de forma definitiva. O hospital informou que a jovem, de 14 anos, est\u00e1 consciente e respirando sem ajuda de aparelhos, mas segue internada na Unidade de Terapia Intensiva (UTI) humanizada do hospital sem previs\u00e3o de alta.<\/p>\n<p>Outra estudante atingida no ataque a tiros, tamb\u00e9m de 14 anos, segue em estado regular. De acordo com o hospital, a paciente est\u00e1 orientada, consciente e com respira\u00e7\u00e3o espont\u00e2nea, mas continua internada em uma enfermaria, tamb\u00e9m sem previs\u00e3o de alta.<\/p>\n<p>O ataque ocorreu na \u00faltima sexta-feira, 20. Dois adolescentes morreram e quatro ficaram feridos pelos tiros. O autor dos disparos, de 14 anos, est\u00e1 em um centro de interna\u00e7\u00e3o provis\u00f3ria at\u00e9 o julgamento do caso pelo Juizado da Inf\u00e2ncia e Juventude, conforme previsto no Estatuto da Crian\u00e7a e do Adolescente.<\/p>\n<p>Fonte: Ag\u00eancia Brasil<\/p>\n","protected":false},"excerpt":{"rendered":"<p>Uma das adolescentes baleadas por um colega dentro da sala de aula, no Col\u00e9gio Goyases, em Goi\u00e2nia, est\u00e1 parapl\u00e9gica. De acordo com o Hospital de Urg\u00eancias de Goi\u00e2nia, a paraplegia j\u00e1 havia sido diagnosticada no dia da entrada da jovem, mas n\u00e3o havia sido informada a pedido de familiares. A menina apresenta uma les\u00e3o na [&hellip;]<\/p>\n","protected":false},"author":96,"featured_media":83972,"comment_status":"closed","ping_status":"closed","sticky":false,"template":"","format":"standard","meta":{"footnotes":""},"categories":[302],"tags":[],"class_list":["post-83973","post","type-post","status-publish","format-standard","has-post-thumbnail","hentry","category-brasil-mundo"],"_links":{"self":[{"href":"https:\/\/diarioregionaldigital.com.br\/index.php?rest_route=\/wp\/v2\/posts\/83973","targetHints":{"allow":["GET"]}}],"collection":[{"href":"https:\/\/diarioregionaldigital.com.br\/index.php?rest_route=\/wp\/v2\/posts"}],"about":[{"href":"https:\/\/diarioregionaldigital.com.br\/index.php?rest_route=\/wp\/v2\/types\/post"}],"author":[{"embeddable":true,"href":"https:\/\/diarioregionaldigital.com.br\/index.php?rest_route=\/wp\/v2\/users\/96"}],"replies":[{"embeddable":true,"href":"https:\/\/diarioregionaldigital.com.br\/index.php?rest_route=%2Fwp%2Fv2%2Fcomments&post=83973"}],"version-history":[{"count":0,"href":"https:\/\/diarioregionaldigital.com.br\/index.php?rest_route=\/wp\/v2\/posts\/83973\/revisions"}],"wp:featuredmedia":[{"embeddable":true,"href":"https:\/\/diarioregionaldigital.com.br\/index.php?rest_route=\/wp\/v2\/media\/83972"}],"wp:attachment":[{"href":"https:\/\/diarioregionaldigital.com.br\/index.php?rest_route=%2Fwp%2Fv2%2Fmedia&parent=83973"}],"wp:term":[{"taxonomy":"category","embeddable":true,"href":"https:\/\/diarioregionaldigital.com.br\/index.php?rest_route=%2Fwp%2Fv2%2Fcategories&post=83973"},{"taxonomy":"post_tag","embeddable":true,"href":"https:\/\/diarioregionaldigital.com.br\/index.php?rest_route=%2Fwp%2Fv2%2Ftags&post=83973"}],"curies":[{"name":"wp","href":"https:\/\/api.w.org\/{rel}","templated":true}]}}