{"id":83971,"date":"2017-10-25T20:08:47","date_gmt":"2017-10-25T22:08:47","guid":{"rendered":"http:\/\/diarioregionaljf.com.br\/2017\/10\/25\/governo-anuncia-concessao-de-13-aeroportos-a-iniciativa-privada\/"},"modified":"2017-10-25T20:08:47","modified_gmt":"2017-10-25T22:08:47","slug":"governo-anuncia-concessao-de-13-aeroportos-a-iniciativa-privada","status":"publish","type":"post","link":"https:\/\/diarioregionaldigital.com.br\/?p=83971","title":{"rendered":"Governo anuncia concess\u00e3o de 13 aeroportos \u00e0 iniciativa privada"},"content":{"rendered":"<p>Treze aeroportos foram inclu\u00eddos no Programa Nacional de Desestatiza\u00e7\u00e3o por meio do Decreto 9.180\/17 assinado pelo presidente Michel Temer e publicado na edi\u00e7\u00e3o de hoje, 25, do Di\u00e1rio Oficial da Uni\u00e3o. Pelo decreto, os aeroportos ficam qualificados no \u00e2mbito do Programa de Parcerias de Investimentos (PPI), da Presid\u00eancia da Rep\u00fablica.<\/p>\n<p>Os 13 empreendimentos poder\u00e3o ser concedidos \u00e0 iniciativa privada individualmente ou em blocos, conforme decis\u00e3o que ser\u00e1 embasada pelos estudos de modelagem da desestatiza\u00e7\u00e3o, conforme detalhado no texto.<\/p>\n<p>O Minist\u00e9rio dos Transportes, Portos e Avia\u00e7\u00e3o Civil ser\u00e1 respons\u00e1vel pela condu\u00e7\u00e3o e aprova\u00e7\u00e3o dos estudos, projetos e levantamentos e pelas investiga\u00e7\u00f5es que subsidiar\u00e3o a modelagem das medidas de desestatiza\u00e7\u00e3o, de acordo com o decreto.<\/p>\n<p>A Ag\u00eancia Nacional de Avia\u00e7\u00e3o Civil (Anac) ficar\u00e1 respons\u00e1vel pela realiza\u00e7\u00e3o e acompanhamento das medidas de desestatiza\u00e7\u00e3o, sob a supervis\u00e3o do minist\u00e9rio.<\/p>\n<p>Em julho, o governo anunciou 57 projetos de concess\u00f5es e privatiza\u00e7\u00f5es de empresas p\u00fablicas, entres eles 14 aeroportos \u2013 incluindo o de Congonhas, segundo maior do pa\u00eds, com movimento de 21 milh\u00f5es de passageiros por ano. Congonhas, no entanto, ficou fora da lista publicada hoje no Di\u00e1rio Oficial.<\/p>\n<p>No \u00faltimo dia 20, o Minist\u00e9rio dos Transportes divulgou nota informando que o governo reavalia manter os planos de leiloar no pr\u00f3ximo ano a concess\u00e3o de Congonhas. Na nota, o minist\u00e9rio informou que o ministro Maur\u00edcio Quintella apresentou ao presidente Michel Temer estudos e an\u00e1lises mostrando que a concess\u00e3o poderia prejudicar a sustentabilidade da Infraero.<\/p>\n<hr \/>\n<h4>Os seguintes aeroportos ser\u00e3o concedidos:<\/h4>\n<p>Eurico de Aguiar Salles, em Vit\u00f3ria (ES)<\/p>\n<p>Gilberto Freyre, em Recife (PE)<\/p>\n<p>Marechal Rondon, em V\u00e1rzea Grande (MT)<\/p>\n<p>Aeroporto de Maca\u00e9, em Maca\u00e9 (RJ)<\/p>\n<p>Orlando Bezerra de Menezes, Juazeiro do Norte (CE)<\/p>\n<p>Presidente Castro Pinto, em Bayeux (PB)<\/p>\n<p>Presidente Jo\u00e3o Suassuna, em Campina Grande (PB)<\/p>\n<p>Santa Maria, em Aracaju (SE)<\/p>\n<p>Zumbi dos Palmares, em Macei\u00f3 (AL)<\/p>\n<p>Maestro Marinho Franco, em Rondon\u00f3polis (MT)<\/p>\n<p>Presidente Jo\u00e3o Batista Figueiredo, em Sinop (MT)<\/p>\n<p>Piloto Oswaldo Marques Dias, em Alta Floresta (MT)<\/p>\n<p>Aeroporto de Barra do Gar\u00e7as, em Barra do Gar\u00e7as (MT)<\/p>\n<p>&nbsp;<\/p>\n<hr \/>\n<p>&nbsp;Fonte: Ag\u00eancia Brasil<\/p>\n","protected":false},"excerpt":{"rendered":"<p>Treze aeroportos foram inclu\u00eddos no Programa Nacional de Desestatiza\u00e7\u00e3o por meio do Decreto 9.180\/17 assinado pelo presidente Michel Temer e publicado na edi\u00e7\u00e3o de hoje, 25, do Di\u00e1rio Oficial da Uni\u00e3o. Pelo decreto, os aeroportos ficam qualificados no \u00e2mbito do Programa de Parcerias de Investimentos (PPI), da Presid\u00eancia da Rep\u00fablica. Os 13 empreendimentos poder\u00e3o ser [&hellip;]<\/p>\n","protected":false},"author":96,"featured_media":83970,"comment_status":"closed","ping_status":"closed","sticky":false,"template":"","format":"standard","meta":{"footnotes":""},"categories":[261],"tags":[],"class_list":["post-83971","post","type-post","status-publish","format-standard","has-post-thumbnail","hentry","category-economia"],"_links":{"self":[{"href":"https:\/\/diarioregionaldigital.com.br\/index.php?rest_route=\/wp\/v2\/posts\/83971","targetHints":{"allow":["GET"]}}],"collection":[{"href":"https:\/\/diarioregionaldigital.com.br\/index.php?rest_route=\/wp\/v2\/posts"}],"about":[{"href":"https:\/\/diarioregionaldigital.com.br\/index.php?rest_route=\/wp\/v2\/types\/post"}],"author":[{"embeddable":true,"href":"https:\/\/diarioregionaldigital.com.br\/index.php?rest_route=\/wp\/v2\/users\/96"}],"replies":[{"embeddable":true,"href":"https:\/\/diarioregionaldigital.com.br\/index.php?rest_route=%2Fwp%2Fv2%2Fcomments&post=83971"}],"version-history":[{"count":0,"href":"https:\/\/diarioregionaldigital.com.br\/index.php?rest_route=\/wp\/v2\/posts\/83971\/revisions"}],"wp:featuredmedia":[{"embeddable":true,"href":"https:\/\/diarioregionaldigital.com.br\/index.php?rest_route=\/wp\/v2\/media\/83970"}],"wp:attachment":[{"href":"https:\/\/diarioregionaldigital.com.br\/index.php?rest_route=%2Fwp%2Fv2%2Fmedia&parent=83971"}],"wp:term":[{"taxonomy":"category","embeddable":true,"href":"https:\/\/diarioregionaldigital.com.br\/index.php?rest_route=%2Fwp%2Fv2%2Fcategories&post=83971"},{"taxonomy":"post_tag","embeddable":true,"href":"https:\/\/diarioregionaldigital.com.br\/index.php?rest_route=%2Fwp%2Fv2%2Ftags&post=83971"}],"curies":[{"name":"wp","href":"https:\/\/api.w.org\/{rel}","templated":true}]}}