{"id":83967,"date":"2017-10-25T19:57:20","date_gmt":"2017-10-25T21:57:20","guid":{"rendered":"http:\/\/diarioregionaljf.com.br\/2017\/10\/25\/nova-lei-permite-atribuir-multa-ao-condutor-habitual-do-veiculo\/"},"modified":"2017-10-25T19:57:20","modified_gmt":"2017-10-25T21:57:20","slug":"nova-lei-permite-atribuir-multa-ao-condutor-habitual-do-veiculo","status":"publish","type":"post","link":"https:\/\/diarioregionaldigital.com.br\/?p=83967","title":{"rendered":"Nova lei permite atribuir multa ao condutor habitual do ve\u00edculo"},"content":{"rendered":"<p>O propriet\u00e1rio de ve\u00edculo poder\u00e1 indicar o nome do condutor habitual, que passar\u00e1 a ser o respons\u00e1vel pelas infra\u00e7\u00f5es de tr\u00e2nsito que cometer. \u00c9 o que prev\u00ea a Lei 13.495\/17, sancionada ontem e publicada nessa quarta-feira, 25, no Di\u00e1rio Oficial da Uni\u00e3o. A norma entra em vigor daqui a 90 dias.<\/p>\n<p>A nova lei tem origem no Projeto de Lei 6376\/09, aprovado na C\u00e2mara em agosto deste ano.<\/p>\n<p>Ap\u00f3s aceitar a indica\u00e7\u00e3o, o motorista habitual ter\u00e1 seu nome inscrito em campo pr\u00f3prio do cadastro do ve\u00edculo no Registro Nacional de Ve\u00edculos Automotores (Renavam) e assumir\u00e1 a presun\u00e7\u00e3o da responsabilidade pelas infra\u00e7\u00f5es de tr\u00e2nsito cometidas com o ve\u00edculo.<\/p>\n<p>Hoje, as penalidades, como multa e pontos na carteira, ficam em nome do dono do ve\u00edculo, a menos que esse indique, dentro do prazo, a identidade do condutor que cometeu a infra\u00e7\u00e3o.<\/p>\n<p>Se o carro for vendido, o condutor principal ter\u00e1 seu nome automaticamente desvinculado do Renavam.<\/p>\n<p>Fonte: Ag\u00eancia C\u00e2mara Not\u00edcias<\/p>\n","protected":false},"excerpt":{"rendered":"<p>O propriet\u00e1rio de ve\u00edculo poder\u00e1 indicar o nome do condutor habitual, que passar\u00e1 a ser o respons\u00e1vel pelas infra\u00e7\u00f5es de tr\u00e2nsito que cometer. \u00c9 o que prev\u00ea a Lei 13.495\/17, sancionada ontem e publicada nessa quarta-feira, 25, no Di\u00e1rio Oficial da Uni\u00e3o. A norma entra em vigor daqui a 90 dias. A nova lei tem [&hellip;]<\/p>\n","protected":false},"author":96,"featured_media":83966,"comment_status":"closed","ping_status":"closed","sticky":false,"template":"","format":"standard","meta":{"footnotes":""},"categories":[254],"tags":[],"class_list":["post-83967","post","type-post","status-publish","format-standard","has-post-thumbnail","hentry","category-politica"],"_links":{"self":[{"href":"https:\/\/diarioregionaldigital.com.br\/index.php?rest_route=\/wp\/v2\/posts\/83967","targetHints":{"allow":["GET"]}}],"collection":[{"href":"https:\/\/diarioregionaldigital.com.br\/index.php?rest_route=\/wp\/v2\/posts"}],"about":[{"href":"https:\/\/diarioregionaldigital.com.br\/index.php?rest_route=\/wp\/v2\/types\/post"}],"author":[{"embeddable":true,"href":"https:\/\/diarioregionaldigital.com.br\/index.php?rest_route=\/wp\/v2\/users\/96"}],"replies":[{"embeddable":true,"href":"https:\/\/diarioregionaldigital.com.br\/index.php?rest_route=%2Fwp%2Fv2%2Fcomments&post=83967"}],"version-history":[{"count":0,"href":"https:\/\/diarioregionaldigital.com.br\/index.php?rest_route=\/wp\/v2\/posts\/83967\/revisions"}],"wp:featuredmedia":[{"embeddable":true,"href":"https:\/\/diarioregionaldigital.com.br\/index.php?rest_route=\/wp\/v2\/media\/83966"}],"wp:attachment":[{"href":"https:\/\/diarioregionaldigital.com.br\/index.php?rest_route=%2Fwp%2Fv2%2Fmedia&parent=83967"}],"wp:term":[{"taxonomy":"category","embeddable":true,"href":"https:\/\/diarioregionaldigital.com.br\/index.php?rest_route=%2Fwp%2Fv2%2Fcategories&post=83967"},{"taxonomy":"post_tag","embeddable":true,"href":"https:\/\/diarioregionaldigital.com.br\/index.php?rest_route=%2Fwp%2Fv2%2Ftags&post=83967"}],"curies":[{"name":"wp","href":"https:\/\/api.w.org\/{rel}","templated":true}]}}