{"id":83965,"date":"2017-10-25T19:49:56","date_gmt":"2017-10-25T21:49:56","guid":{"rendered":"http:\/\/diarioregionaljf.com.br\/2017\/10\/25\/tse-e-exercito-estudam-acordo-para-monitorar-fake-news-nas-eleicoes\/"},"modified":"2017-10-25T19:49:56","modified_gmt":"2017-10-25T21:49:56","slug":"tse-e-exercito-estudam-acordo-para-monitorar-fake-news-nas-eleicoes","status":"publish","type":"post","link":"https:\/\/diarioregionaldigital.com.br\/?p=83965","title":{"rendered":"TSE e Ex\u00e9rcito estudam acordo para monitorar fake news nas elei\u00e7\u00f5es"},"content":{"rendered":"<p>O Tribunal Superior Eleitoral (TSE) e o Minist\u00e9rio da Defesa criaram um grupo de trabalho para analisar o combate a crimes cibern\u00e9ticos, no qual o Ex\u00e9rcito poder\u00e1 atuar no monitoramento das fake news, boatos disseminados em redes sociais com potencial de influenciar as elei\u00e7\u00f5es.<\/p>\n<p>O assunto foi discutido nessa quarta-feira, 25, numa reuni\u00e3o entre o presidente do TSE, ministro Gilmar Mendes, e os ministros da Defesa, Raul Jungmann; do Gabinete de Seguran\u00e7a Institucional, general Sergio Etchegoyen, e da Justi\u00e7a, Torquato Jardim.<\/p>\n<p>\u201cCreio que avan\u00e7amos bem na quest\u00e3o do acompanhamento pela internet, de problemas de fake news\u201d, disse Gilmar Mendes em entrevista ap\u00f3s o encontro. \u201cPrecisamos realmente acompanhar essa nova realidade, que teve repercuss\u00e3o em v\u00e1rias elei\u00e7\u00f5es\u201d, acrescentou o ministro, que citou como exemplo o esc\u00e2ndalo nas \u00faltimas elei\u00e7\u00f5es presidenciais da Fran\u00e7a que ficou conhecido como Macron Leaks.<\/p>\n<p>Gilmar Mendes informou que se reunir\u00e1 em breve com ju\u00edzes respons\u00e1veis por analisar quest\u00f5es ligadas \u00e0 propaganda eleitoral para discutir as fake news. Segundo ele, a Justi\u00e7a Eleitoral deve baixar resolu\u00e7\u00f5es que disciplinem o tema para o pleito do ano que vem.<\/p>\n<p>O assunto gerou pol\u00eamica recentemente ap\u00f3s ter sido inclu\u00eddo na reforma pol\u00edtica aprovada pelo Congresso. Em um de seus artigos, o texto previa que os provedores de aplicativos e redes sociais seriam obrigados, mesmo sem ordem judicial, a suspender publica\u00e7\u00f5es quando estas fossem denunciadas por serem falsas ou incitarem o \u00f3dio durante o pleito.<\/p>\n<p>Ap\u00f3s ser apontado por entidades da sociedade civil como uma poss\u00edvel tentativa de censura, o presidente Michel Temer decidiu vetar o artigo.<\/p>\n<p>Fonte: Ag\u00eancia Brasil<\/p>\n","protected":false},"excerpt":{"rendered":"<p>O Tribunal Superior Eleitoral (TSE) e o Minist\u00e9rio da Defesa criaram um grupo de trabalho para analisar o combate a crimes cibern\u00e9ticos, no qual o Ex\u00e9rcito poder\u00e1 atuar no monitoramento das fake news, boatos disseminados em redes sociais com potencial de influenciar as elei\u00e7\u00f5es. O assunto foi discutido nessa quarta-feira, 25, numa reuni\u00e3o entre o [&hellip;]<\/p>\n","protected":false},"author":96,"featured_media":83964,"comment_status":"closed","ping_status":"closed","sticky":false,"template":"","format":"standard","meta":{"footnotes":""},"categories":[254],"tags":[],"class_list":["post-83965","post","type-post","status-publish","format-standard","has-post-thumbnail","hentry","category-politica"],"_links":{"self":[{"href":"https:\/\/diarioregionaldigital.com.br\/index.php?rest_route=\/wp\/v2\/posts\/83965","targetHints":{"allow":["GET"]}}],"collection":[{"href":"https:\/\/diarioregionaldigital.com.br\/index.php?rest_route=\/wp\/v2\/posts"}],"about":[{"href":"https:\/\/diarioregionaldigital.com.br\/index.php?rest_route=\/wp\/v2\/types\/post"}],"author":[{"embeddable":true,"href":"https:\/\/diarioregionaldigital.com.br\/index.php?rest_route=\/wp\/v2\/users\/96"}],"replies":[{"embeddable":true,"href":"https:\/\/diarioregionaldigital.com.br\/index.php?rest_route=%2Fwp%2Fv2%2Fcomments&post=83965"}],"version-history":[{"count":0,"href":"https:\/\/diarioregionaldigital.com.br\/index.php?rest_route=\/wp\/v2\/posts\/83965\/revisions"}],"wp:featuredmedia":[{"embeddable":true,"href":"https:\/\/diarioregionaldigital.com.br\/index.php?rest_route=\/wp\/v2\/media\/83964"}],"wp:attachment":[{"href":"https:\/\/diarioregionaldigital.com.br\/index.php?rest_route=%2Fwp%2Fv2%2Fmedia&parent=83965"}],"wp:term":[{"taxonomy":"category","embeddable":true,"href":"https:\/\/diarioregionaldigital.com.br\/index.php?rest_route=%2Fwp%2Fv2%2Fcategories&post=83965"},{"taxonomy":"post_tag","embeddable":true,"href":"https:\/\/diarioregionaldigital.com.br\/index.php?rest_route=%2Fwp%2Fv2%2Ftags&post=83965"}],"curies":[{"name":"wp","href":"https:\/\/api.w.org\/{rel}","templated":true}]}}