{"id":83963,"date":"2017-10-25T19:45:02","date_gmt":"2017-10-25T21:45:02","guid":{"rendered":"http:\/\/diarioregionaljf.com.br\/2017\/10\/25\/stj-nega-suspeicao-de-moro-pedida-pela-defesa-de-lula\/"},"modified":"2017-10-25T19:45:02","modified_gmt":"2017-10-25T21:45:02","slug":"stj-nega-suspeicao-de-moro-pedida-pela-defesa-de-lula","status":"publish","type":"post","link":"https:\/\/diarioregionaldigital.com.br\/?p=83963","title":{"rendered":"STJ nega suspei\u00e7\u00e3o de Moro pedida pela defesa de Lula"},"content":{"rendered":"<p>A Quinta Turma do Superior Tribunal de Justi\u00e7a (STJ) negou mais um recurso da defesa do ex-presidente Luz In\u00e1cio Lula da Silva para que fosse decretada a suspei\u00e7\u00e3o do juiz federal S\u00e9rgio Moro no caso do tr\u00edplex do Guaruj\u00e1.<\/p>\n<p>Trata-se de um entre diversos pedidos de suspei\u00e7\u00e3o feitos pelos advogados de Lula contra Moro, que em julho condenou o ex-presidente a nove anos e seis meses de pris\u00e3o por corrup\u00e7\u00e3o passiva e lavagem de dinheiro no caso do tr\u00edplex.<\/p>\n<p>O Tribunal Regional Federal da 4\u00aa Regi\u00e3o (TRF4), segunda inst\u00e2ncia da Justi\u00e7a Federal, j\u00e1 havia negado o pedido de suspei\u00e7\u00e3o contra o magistrado.<br \/>Na semana passada, a Quinta Turma do STJ rejeitou, por unanimidade, o recurso contra a decis\u00e3o do TRF4. O ac\u00f3rd\u00e3o do julgamento foi publicado nessa quarta-feira, 25. Os ministros Jorge Mussi, Reynaldo Soares da Fonseca, Ribeiro Dantas e Joel Ilan Paciornik seguiram o entendimento do relator ministro Felix Fischer, que em setembro j\u00e1 havia negado monocraticamente o recurso.<\/p>\n<p>Ao concordar com o TRF4, os ministros do STJ entenderam que, para analisar a pretens\u00e3o da defesa, seria preciso reexaminar as provas do processo que levou \u00e0 condena\u00e7\u00e3o de Lula, o que n\u00e3o seria poss\u00edvel dentro de um recurso especial, classe processual dentro da qual foi feito o pedido de suspei\u00e7\u00e3o.<\/p>\n<p>Para embasar seu pedido, a defesa de Lula havia alegado que Moro demonstrou parcialidade na a\u00e7\u00e3o penal que levou \u00e0 condena\u00e7\u00e3o do ex-presidente, ordenando condu\u00e7\u00f5es coercitivas e intercepta\u00e7\u00f5es telef\u00f4nicas ilegais, bem como levantado ilegalmente o sigilo profissional dos advogados do petista ao grampear seus telefones.<\/p>\n<p>Fonte: Ag\u00eancia Brasil<\/p>\n","protected":false},"excerpt":{"rendered":"<p>A Quinta Turma do Superior Tribunal de Justi\u00e7a (STJ) negou mais um recurso da defesa do ex-presidente Luz In\u00e1cio Lula da Silva para que fosse decretada a suspei\u00e7\u00e3o do juiz federal S\u00e9rgio Moro no caso do tr\u00edplex do Guaruj\u00e1. Trata-se de um entre diversos pedidos de suspei\u00e7\u00e3o feitos pelos advogados de Lula contra Moro, que [&hellip;]<\/p>\n","protected":false},"author":96,"featured_media":83962,"comment_status":"closed","ping_status":"closed","sticky":false,"template":"","format":"standard","meta":{"footnotes":""},"categories":[254],"tags":[],"class_list":["post-83963","post","type-post","status-publish","format-standard","has-post-thumbnail","hentry","category-politica"],"_links":{"self":[{"href":"https:\/\/diarioregionaldigital.com.br\/index.php?rest_route=\/wp\/v2\/posts\/83963","targetHints":{"allow":["GET"]}}],"collection":[{"href":"https:\/\/diarioregionaldigital.com.br\/index.php?rest_route=\/wp\/v2\/posts"}],"about":[{"href":"https:\/\/diarioregionaldigital.com.br\/index.php?rest_route=\/wp\/v2\/types\/post"}],"author":[{"embeddable":true,"href":"https:\/\/diarioregionaldigital.com.br\/index.php?rest_route=\/wp\/v2\/users\/96"}],"replies":[{"embeddable":true,"href":"https:\/\/diarioregionaldigital.com.br\/index.php?rest_route=%2Fwp%2Fv2%2Fcomments&post=83963"}],"version-history":[{"count":0,"href":"https:\/\/diarioregionaldigital.com.br\/index.php?rest_route=\/wp\/v2\/posts\/83963\/revisions"}],"wp:featuredmedia":[{"embeddable":true,"href":"https:\/\/diarioregionaldigital.com.br\/index.php?rest_route=\/wp\/v2\/media\/83962"}],"wp:attachment":[{"href":"https:\/\/diarioregionaldigital.com.br\/index.php?rest_route=%2Fwp%2Fv2%2Fmedia&parent=83963"}],"wp:term":[{"taxonomy":"category","embeddable":true,"href":"https:\/\/diarioregionaldigital.com.br\/index.php?rest_route=%2Fwp%2Fv2%2Fcategories&post=83963"},{"taxonomy":"post_tag","embeddable":true,"href":"https:\/\/diarioregionaldigital.com.br\/index.php?rest_route=%2Fwp%2Fv2%2Ftags&post=83963"}],"curies":[{"name":"wp","href":"https:\/\/api.w.org\/{rel}","templated":true}]}}