{"id":83830,"date":"2017-10-24T16:19:40","date_gmt":"2017-10-24T18:19:40","guid":{"rendered":"http:\/\/diarioregionaljf.com.br\/2017\/10\/24\/ministerio-vai-integrar-informacoes-sobre-oferta-de-medicamentos-em-todo-o-pais\/"},"modified":"2017-10-24T16:19:40","modified_gmt":"2017-10-24T18:19:40","slug":"ministerio-vai-integrar-informacoes-sobre-oferta-de-medicamentos-em-todo-o-pais","status":"publish","type":"post","link":"https:\/\/diarioregionaldigital.com.br\/?p=83830","title":{"rendered":"Minist\u00e9rio vai integrar informa\u00e7\u00f5es sobre oferta de medicamentos em todo o pa\u00eds"},"content":{"rendered":"<p>O Minist\u00e9rio da Sa\u00fade come\u00e7ar\u00e1 nesta quarta-feira, 25, a integrar em todo o pa\u00eds as informa\u00e7\u00f5es de oferta de medicamentos. Com isso, ser\u00e1 poss\u00edvel saber, em estados e munic\u00edpios, qual \u00e9 o consumo em cada localidade e quantos s\u00e3o os medicamentos que est\u00e3o pr\u00f3ximos \u00e0 data de vencimento, para que sejam devidamente aproveitados. As informa\u00e7\u00f5es ser\u00e3o concentradas na Base Nacional de Dados da Assist\u00eancia Farmac\u00eautica.<\/p>\n<p>A partir da disponibiliza\u00e7\u00e3o do novo sistema, nesta quarta-feira, estados e munic\u00edpios ter\u00e3o 90 dias para come\u00e7ar a transmitir os dados. Caso o prazo n\u00e3o seja respeitado e n\u00e3o haja nenhuma justificativa, os entes poder\u00e3o ter suspensos temporariamente os recursos da assist\u00eancia farmac\u00eautica repassados pelo Minist\u00e9rio da Sa\u00fade para compra de medicamentos.<\/p>\n<p>Al\u00e9m do estoque, entrada, sa\u00edda e dispensa\u00e7\u00e3o de medicamentos, poder\u00e3o ser monitoradas em tempo real informa\u00e7\u00f5es do paciente e das unidades de sa\u00fade. O sistema ser\u00e1 capaz de calcular poss\u00edveis perdas, sugerir remanejamento de produtos e indicar o quantitativo que deve ser comprado para atender \u00e0s necessidades do estado ou munic\u00edpio.<\/p>\n<p>A base j\u00e1 foi testada no Distrito Federal, em Alagoas, no Tocantins e no Rio Grande do Norte, onde foi poss\u00edvel evitar desperd\u00edcio de at\u00e9 30% dos f\u00e1rmacos entregues, o equivalente a R$20 milh\u00f5es no terceiro trimestre de 2017. Segundo estimativa do Minist\u00e9rio da Sa\u00fade, caso a experi\u00eancia seja replicada em todo o pa\u00eds, mais R$1,5 bilh\u00e3o ser\u00e3o revertidos em medicamentos para a popula\u00e7\u00e3o.<\/p>\n<p>&#8220;[O sistema servir\u00e1] para que todos enviem os seus dados de compra de medicamentos com recursos pr\u00f3prios ou do Minist\u00e9rio para que possamos ter controle de toda a assist\u00eancia farmac\u00eautica do Brasil, evitar que medicamentos ven\u00e7am na prateleira, evitar que medicamentos sejam desperdi\u00e7ados e fazer o remanejamento de medicamentos que eventualmente estejam sobrando em um determinado estado ou munic\u00edpio para outro, de modo que haja melhor aproveitamento&#8221;, disse o ministro da Sa\u00fade, Ricardo Barros.<\/p>\n<p>&nbsp;<\/p>\n<h4>INTEGRA\u00c7\u00c3O<\/h4>\n<p>O Minist\u00e9rio da Sa\u00fade j\u00e1 capta dados atualmente pelo chamado Sistema H\u00f3rus. Esse sistema, no entanto, \u00e9 usado apenas por 15 estados, que representam 20% da demanda de medicamentos do pa\u00eds. Os demais, ou seja, aqueles que concentram 80% da demanda, passam as informa\u00e7\u00f5es \u00e0 pasta por telefone ou planilha.<\/p>\n<p>A pasta verificou que, entre aqueles que n\u00e3o utilizam o H\u00f3rus, muitos t\u00eam sistemas pr\u00f3prios. A base nacional, por meio do chamado Web Service, ser\u00e1 capaz de integrar todos esses sistemas e ler todos os dados. A tecnologia foi pactuada no in\u00edcio do ano na comiss\u00e3o tripartite que re\u00fane representantes dos estados, munic\u00edpios e do Minist\u00e9rio da Sa\u00fade.<\/p>\n<p>&nbsp;<\/p>\n<h4>PRESTA\u00c7\u00c3O DE CONTAS<\/h4>\n<p>Estados e munic\u00edpios ter\u00e3o que transmitir todas as informa\u00e7\u00f5es referentes aos medicamentos que integram a Rela\u00e7\u00e3o Nacional de Medicamentos Essenciais (Rename), sejam comprados com verba da Uni\u00e3o, do estado ou do pr\u00f3prio munic\u00edpio. Segundo Barros, isso trar\u00e1 mais transpar\u00eancia e evitar\u00e1 que verba destinada a esse fim seja desviada.<\/p>\n<p>&#8220;A expectativa \u00e9 que vamos ter uma grande economia por conta de desvios e mau gerenciamento dos processos. No Brasil todo se descarta muitos medicamentos que venceram na prateleira, medicamentos mal acondicionados, que vamos poder acompanhar&#8221;, afirmou o ministro.<\/p>\n<p>A pasta espera integrar tamb\u00e9m ao sistema os prontu\u00e1rios eletr\u00f4nicos, que hoje chegam a 85 milh\u00f5es de pessoas. &#8220;Cada vez que retiram o medicamento, saberemos o que foi comprado, como est\u00e1 estocado, para quem foi entregue. Quanto mais n\u00f3s informatizamos o sistema, mais transparente e eficiente ele fica&#8221;, acrescentou.<\/p>\n<p>Fonte: Ag\u00eancia Brasil<\/p>\n","protected":false},"excerpt":{"rendered":"<p>O Minist\u00e9rio da Sa\u00fade come\u00e7ar\u00e1 nesta quarta-feira, 25, a integrar em todo o pa\u00eds as informa\u00e7\u00f5es de oferta de medicamentos. Com isso, ser\u00e1 poss\u00edvel saber, em estados e munic\u00edpios, qual \u00e9 o consumo em cada localidade e quantos s\u00e3o os medicamentos que est\u00e3o pr\u00f3ximos \u00e0 data de vencimento, para que sejam devidamente aproveitados. As informa\u00e7\u00f5es [&hellip;]<\/p>\n","protected":false},"author":96,"featured_media":83829,"comment_status":"closed","ping_status":"closed","sticky":false,"template":"","format":"standard","meta":{"footnotes":""},"categories":[302],"tags":[],"class_list":["post-83830","post","type-post","status-publish","format-standard","has-post-thumbnail","hentry","category-brasil-mundo"],"_links":{"self":[{"href":"https:\/\/diarioregionaldigital.com.br\/index.php?rest_route=\/wp\/v2\/posts\/83830","targetHints":{"allow":["GET"]}}],"collection":[{"href":"https:\/\/diarioregionaldigital.com.br\/index.php?rest_route=\/wp\/v2\/posts"}],"about":[{"href":"https:\/\/diarioregionaldigital.com.br\/index.php?rest_route=\/wp\/v2\/types\/post"}],"author":[{"embeddable":true,"href":"https:\/\/diarioregionaldigital.com.br\/index.php?rest_route=\/wp\/v2\/users\/96"}],"replies":[{"embeddable":true,"href":"https:\/\/diarioregionaldigital.com.br\/index.php?rest_route=%2Fwp%2Fv2%2Fcomments&post=83830"}],"version-history":[{"count":0,"href":"https:\/\/diarioregionaldigital.com.br\/index.php?rest_route=\/wp\/v2\/posts\/83830\/revisions"}],"wp:featuredmedia":[{"embeddable":true,"href":"https:\/\/diarioregionaldigital.com.br\/index.php?rest_route=\/wp\/v2\/media\/83829"}],"wp:attachment":[{"href":"https:\/\/diarioregionaldigital.com.br\/index.php?rest_route=%2Fwp%2Fv2%2Fmedia&parent=83830"}],"wp:term":[{"taxonomy":"category","embeddable":true,"href":"https:\/\/diarioregionaldigital.com.br\/index.php?rest_route=%2Fwp%2Fv2%2Fcategories&post=83830"},{"taxonomy":"post_tag","embeddable":true,"href":"https:\/\/diarioregionaldigital.com.br\/index.php?rest_route=%2Fwp%2Fv2%2Ftags&post=83830"}],"curies":[{"name":"wp","href":"https:\/\/api.w.org\/{rel}","templated":true}]}}