{"id":83760,"date":"2017-10-23T18:44:03","date_gmt":"2017-10-23T20:44:03","guid":{"rendered":"http:\/\/diarioregionaljf.com.br\/2017\/10\/23\/vice-lider-do-pcdob-pede-fatiamento-de-votacao-da-denuncia-contra-temer\/"},"modified":"2017-10-23T18:44:03","modified_gmt":"2017-10-23T20:44:03","slug":"vice-lider-do-pcdob-pede-fatiamento-de-votacao-da-denuncia-contra-temer","status":"publish","type":"post","link":"https:\/\/diarioregionaldigital.com.br\/?p=83760","title":{"rendered":"Vice-l\u00edder do PCdoB pede fatiamento de vota\u00e7\u00e3o da den\u00fancia contra Temer"},"content":{"rendered":"<p>O vice-l\u00edder do PcdoB na C\u00e2mara, deputado Rubens Pereira Jr. (MA) protocolou hoje, 23, um mandado de seguran\u00e7a no Supremo Tribunal Federal (STF) pedindo que a vota\u00e7\u00e3o da den\u00fancia apresentada pela Procuradoria-Geral da Rep\u00fablica contra o presidente Michel Temer e os ministros da Casa Civil, Eliseu Padilha, e da Secretaria Geral da Presid\u00eancia, Moreira Franco, seja separada para cada acusado.<\/p>\n<p>O plen\u00e1rio da C\u00e2mara deve votar o parecer pela inadmissibilidade da acusa\u00e7\u00e3o perante a Justi\u00e7a na pr\u00f3xima quarta-feira, 25. A den\u00fancia s\u00f3 poder\u00e1 ser investigada pelo Supremo se pelo menos 342 dos 513 deputados autorizarem o prosseguimento do processo.<\/p>\n<p>Temer e os dois ministros s\u00e3o acusados de participar de uma organiza\u00e7\u00e3o criminosa que atuava para ocupar cargos p\u00fablicos e arrecadar propina. Contra Temer ainda consta a acusa\u00e7\u00e3o de obstru\u00e7\u00e3o de Justi\u00e7a no \u00e2mbito das investiga\u00e7\u00f5es da Opera\u00e7\u00e3o Lava Jato.<\/p>\n<p>Segundo o deputado oposicionista, o objetivo \u00e9 anular a decis\u00e3o da Mesa Diretora da C\u00e2mara, que encaminhou a tramita\u00e7\u00e3o da den\u00fancia na casa como um processo \u00fanico, e garantir vota\u00e7\u00e3o separada para as quatro acusa\u00e7\u00f5es. \u201cAs condutas t\u00eam de ser individualizadas, para que cada cidad\u00e3o possa acompanhar e cobrar o posicionamento de seu parlamentar\u201d, disse Rubens Jr.<\/p>\n<p>O deputado ressalta que n\u00e3o quer o adiamento da vota\u00e7\u00e3o marcada para quarta-feira, apenas a mudan\u00e7a do rito de vota\u00e7\u00e3o e o fatiamento da an\u00e1lise para cada denunciado e cada crime. Ele argumenta que o plen\u00e1rio n\u00e3o deve votar o parecer pela inadmissibilidade aprovado na Comiss\u00e3o de Constitui\u00e7\u00e3o, Justi\u00e7a e Cidadania (CCJ), pois cabe somente ao Supremo a an\u00e1lise do teor da pe\u00e7a jur\u00eddica.<\/p>\n<p>A possibilidade de desmembramento do processo j\u00e1 tinha sido solicitada pela oposi\u00e7\u00e3o desde a chegada da den\u00fancia \u00e0 C\u00e2mara, mas os pedidos foram negados tanto pela Secretaria-Geral da C\u00e2mara quanto pela CCJ, que argumentaram que o processo deveria ser analisado da mesma maneira como foi apresentado pela Procuradoria e encaminhado pelo Supremo.<\/p>\n<p>&nbsp;<\/p>\n<p>Fonte: Ag\u00eancia Brasil<\/p>\n","protected":false},"excerpt":{"rendered":"<p>O vice-l\u00edder do PcdoB na C\u00e2mara, deputado Rubens Pereira Jr. (MA) protocolou hoje, 23, um mandado de seguran\u00e7a no Supremo Tribunal Federal (STF) pedindo que a vota\u00e7\u00e3o da den\u00fancia apresentada pela Procuradoria-Geral da Rep\u00fablica contra o presidente Michel Temer e os ministros da Casa Civil, Eliseu Padilha, e da Secretaria Geral da Presid\u00eancia, Moreira Franco, [&hellip;]<\/p>\n","protected":false},"author":96,"featured_media":83759,"comment_status":"closed","ping_status":"closed","sticky":false,"template":"","format":"standard","meta":{"footnotes":""},"categories":[254],"tags":[],"class_list":["post-83760","post","type-post","status-publish","format-standard","has-post-thumbnail","hentry","category-politica"],"_links":{"self":[{"href":"https:\/\/diarioregionaldigital.com.br\/index.php?rest_route=\/wp\/v2\/posts\/83760","targetHints":{"allow":["GET"]}}],"collection":[{"href":"https:\/\/diarioregionaldigital.com.br\/index.php?rest_route=\/wp\/v2\/posts"}],"about":[{"href":"https:\/\/diarioregionaldigital.com.br\/index.php?rest_route=\/wp\/v2\/types\/post"}],"author":[{"embeddable":true,"href":"https:\/\/diarioregionaldigital.com.br\/index.php?rest_route=\/wp\/v2\/users\/96"}],"replies":[{"embeddable":true,"href":"https:\/\/diarioregionaldigital.com.br\/index.php?rest_route=%2Fwp%2Fv2%2Fcomments&post=83760"}],"version-history":[{"count":0,"href":"https:\/\/diarioregionaldigital.com.br\/index.php?rest_route=\/wp\/v2\/posts\/83760\/revisions"}],"wp:featuredmedia":[{"embeddable":true,"href":"https:\/\/diarioregionaldigital.com.br\/index.php?rest_route=\/wp\/v2\/media\/83759"}],"wp:attachment":[{"href":"https:\/\/diarioregionaldigital.com.br\/index.php?rest_route=%2Fwp%2Fv2%2Fmedia&parent=83760"}],"wp:term":[{"taxonomy":"category","embeddable":true,"href":"https:\/\/diarioregionaldigital.com.br\/index.php?rest_route=%2Fwp%2Fv2%2Fcategories&post=83760"},{"taxonomy":"post_tag","embeddable":true,"href":"https:\/\/diarioregionaldigital.com.br\/index.php?rest_route=%2Fwp%2Fv2%2Ftags&post=83760"}],"curies":[{"name":"wp","href":"https:\/\/api.w.org\/{rel}","templated":true}]}}