{"id":83756,"date":"2017-10-23T18:40:09","date_gmt":"2017-10-23T20:40:09","guid":{"rendered":"http:\/\/diarioregionaljf.com.br\/2017\/10\/23\/exposicao-de-artes-emociona-professores-e-estudantes-em-jf\/"},"modified":"2017-10-23T18:40:09","modified_gmt":"2017-10-23T20:40:09","slug":"exposicao-de-artes-emociona-professores-e-estudantes-em-jf","status":"publish","type":"post","link":"https:\/\/diarioregionaldigital.com.br\/?p=83756","title":{"rendered":"Exposi\u00e7\u00e3o de Artes emociona professores e estudantes em JF"},"content":{"rendered":"<p>Teve in\u00edcio na noite de sexta-feira, 20, no Centro Cultural Bernardo Mascarenhas (CCBM), a exposi\u00e7\u00e3o de artes de professores e alunos, dentro da programa\u00e7\u00e3o da 13\u00aa Mostra Professor Tamb\u00e9m Faz Arte e 9\u00aa Mostra Estudantil de Artes. Com obras de professores e alunos, a exposi\u00e7\u00e3o tem como objetivo reunir trabalhos art\u00edsticos produzidos por docentes da rede municipal de ensino de Juiz de Fora.<\/p>\n<p>Ter um trabalho exposto pela primeira levou um brilho aos olhos da aluna Vit\u00f3ria da Gama Santos. Com 15 anos e estudante da Escola Municipal Prefeito Dilermando Cruz Filho, Vit\u00f3ria construiu um livro aberto com experi\u00eancias pessoais e de amigos. \u201cEu fiz v\u00e1rias obras, comecei colagem pegando artes dos meus amigos e adaptando com l\u00e1pis de colorir, areia e v\u00e1rias outras coisas. Foi assim que criei o livro aberto e eu acho incr\u00edvel ter um trabalho meu exposto, n\u00e3o pensei que poderia acontecer\u201d, conta a adolescente.<\/p>\n<p>A Gerente do Departamento de Planejamento Pedag\u00f3gico e de Forma\u00e7\u00e3o, I\u00eada Maria Loureiro de Carvalho, destacou que emo\u00e7\u00f5es como a de Vit\u00f3ria que de\u200bram vida \u00e0s \u200bm\u200bostras. \u201c\u00c9 a possibilidade de darmos vozes aos alunos que apresentam seus trabalhos em outro contexto, ganhando um novo significado. Eles se sentem mais valorizados. Quando eles exp\u00f5em o trabalho junto com outros eles avaliam as pr\u00f3prias obras com outros olhos, porque s\u00e3o novas refer\u00eancias abso\u200br\u200bvidas.\u201d<\/p>\n<p>O professor de artes, Claudio Melo, levou alunos visitar a exposi\u00e7\u00e3o. \u201c\u00c9 uma iniciativa v\u00e1lida, precisa, que deve continuar a ser incentivada contaminando outros espa\u00e7os. Acompanho j\u00e1 alguns anos, \u00e9 muito legal ver a produ\u00e7\u00e3o dos alunos, a sensibilidade e criatividade\u201d, diz o professor. \u201cAo longo dos anos das \u200bm\u200bostras, percebemos que as mesmas se tornaram um meio de forma\u00e7\u00e3o de professores. Os trabalhos sempre voltam renovados, com outras vis\u00f5es, todos os anos\u201d, finaliza I\u00eada.<\/p>\n<p><strong>Participantes<\/strong><\/p>\n<p>Cinquenta e cinco escolas municipais participam das mostras deste ano. Mais de 3.700 alunos e 130 professores apresentar\u00e3o 96 trabalhos. A Mostra acontecer\u00e1 at\u00e9 5 de novembro, com apresenta\u00e7\u00e3o dos trabalhos dos professores envolvendo dan\u00e7a, teatro, audiovisual e conta\u00e7\u00e3o de hist\u00f3rias. Simultaneamente, \u00e9 realizada a nona edi\u00e7\u00e3o da Mostra Estudantil de Arte, conferindo visibilidade ao trabalho art\u00edstico-pedag\u00f3gico realizado por professores com seus alunos.<\/p>\n<hr \/>\n<p>&nbsp;Fonte: Assessoria&nbsp;<\/p>\n","protected":false},"excerpt":{"rendered":"<p>Teve in\u00edcio na noite de sexta-feira, 20, no Centro Cultural Bernardo Mascarenhas (CCBM), a exposi\u00e7\u00e3o de artes de professores e alunos, dentro da programa\u00e7\u00e3o da 13\u00aa Mostra Professor Tamb\u00e9m Faz Arte e 9\u00aa Mostra Estudantil de Artes. Com obras de professores e alunos, a exposi\u00e7\u00e3o tem como objetivo reunir trabalhos art\u00edsticos produzidos por docentes da [&hellip;]<\/p>\n","protected":false},"author":96,"featured_media":83755,"comment_status":"closed","ping_status":"closed","sticky":false,"template":"","format":"standard","meta":{"footnotes":""},"categories":[256],"tags":[],"class_list":["post-83756","post","type-post","status-publish","format-standard","has-post-thumbnail","hentry","category-cultura"],"_links":{"self":[{"href":"https:\/\/diarioregionaldigital.com.br\/index.php?rest_route=\/wp\/v2\/posts\/83756","targetHints":{"allow":["GET"]}}],"collection":[{"href":"https:\/\/diarioregionaldigital.com.br\/index.php?rest_route=\/wp\/v2\/posts"}],"about":[{"href":"https:\/\/diarioregionaldigital.com.br\/index.php?rest_route=\/wp\/v2\/types\/post"}],"author":[{"embeddable":true,"href":"https:\/\/diarioregionaldigital.com.br\/index.php?rest_route=\/wp\/v2\/users\/96"}],"replies":[{"embeddable":true,"href":"https:\/\/diarioregionaldigital.com.br\/index.php?rest_route=%2Fwp%2Fv2%2Fcomments&post=83756"}],"version-history":[{"count":0,"href":"https:\/\/diarioregionaldigital.com.br\/index.php?rest_route=\/wp\/v2\/posts\/83756\/revisions"}],"wp:featuredmedia":[{"embeddable":true,"href":"https:\/\/diarioregionaldigital.com.br\/index.php?rest_route=\/wp\/v2\/media\/83755"}],"wp:attachment":[{"href":"https:\/\/diarioregionaldigital.com.br\/index.php?rest_route=%2Fwp%2Fv2%2Fmedia&parent=83756"}],"wp:term":[{"taxonomy":"category","embeddable":true,"href":"https:\/\/diarioregionaldigital.com.br\/index.php?rest_route=%2Fwp%2Fv2%2Fcategories&post=83756"},{"taxonomy":"post_tag","embeddable":true,"href":"https:\/\/diarioregionaldigital.com.br\/index.php?rest_route=%2Fwp%2Fv2%2Ftags&post=83756"}],"curies":[{"name":"wp","href":"https:\/\/api.w.org\/{rel}","templated":true}]}}