{"id":83750,"date":"2017-10-23T15:13:40","date_gmt":"2017-10-23T17:13:40","guid":{"rendered":"http:\/\/diarioregionaljf.com.br\/2017\/10\/23\/settra-ja-removeu-mais-39-veiculos-irregulares-este-mes\/"},"modified":"2017-10-23T15:13:40","modified_gmt":"2017-10-23T17:13:40","slug":"settra-ja-removeu-mais-39-veiculos-irregulares-este-mes","status":"publish","type":"post","link":"https:\/\/diarioregionaldigital.com.br\/?p=83750","title":{"rendered":"Settra j\u00e1 removeu mais 39 ve\u00edculos irregulares este m\u00eas"},"content":{"rendered":"<p>A Secretaria de Transporte e Tr\u00e2nsito (Settra), atrav\u00e9s do Departamento de Fiscaliza\u00e7\u00e3o de Transporte e Tr\u00e2nsito (DFTT), removeu, s\u00f3 neste m\u00eas, 39 ve\u00edculos envolvidos em infra\u00e7\u00f5es. De setembro at\u00e9 agora, j\u00e1 foram 138. Os dados foram divulgados nesta segunda-feira, 23. A irregularidade mais frequente \u00e9 o estacionamento irregular, principalmente em porta de garagens: foram 45 remo\u00e7\u00f5es em agosto e 54 em setembro.<\/p>\n<p>No s\u00e1bado, 21, foram dois removidos, um por estacionar na porta de garagem e outro no ponto de \u00f4nibus. Ambas s\u00e3o infra\u00e7\u00f5es m\u00e9dias, com perda de quatro pontos na Carteira Nacional de Habilita\u00e7\u00e3o (CNH) e pagamento de multa no valor de R$ 130,16. Na sexta-feira, 20, tr\u00eas autom\u00f3veis foram removidos por estacionamento em desacordo com regulamenta\u00e7\u00e3o da vaga de rotativo, e dois deles estavam com a documenta\u00e7\u00e3o vencida. Nestes casos, os respons\u00e1veis cometeram infra\u00e7\u00e3o grave, perdem cinco pontos na CNH e ainda pagar\u00e3o multa de R$ 195,23. Em rela\u00e7\u00e3o ao documento, a n\u00e3o renova\u00e7\u00e3o do Certificado de Registro e Licenciamento de Ve\u00edculos (CRLV) \u00e9 uma falta grav\u00edssima, com perda de sete pontos na (CNH) e pagamento de R$ 293,47. \u201cQuando o condutor n\u00e3o for identificado na hora, a pontua\u00e7\u00e3o vai para a CNH do dono do ve\u00edculo\u201d, explicou o gerente do DFTT, Paulo Peron.<\/p>\n<p>Ele afirma tamb\u00e9m que este trabalho de remo\u00e7\u00e3o auxilia na solu\u00e7\u00e3o dos problemas de mobilidade. \u201cUm ve\u00edculo estacionado em local proibido causa preju\u00edzo para a circula\u00e7\u00e3o de pedestres e outros meios de transporte. Tamb\u00e9m tira o direito de estacionamento em vagas especiais destinadas a idosos ou pessoas com defici\u00eancia ou at\u00e9 mesmo regulamentadas para uso de determinados ve\u00edculos, como carga e descarga, por exemplo\u201d.<\/p>\n<p>O ve\u00edculo removido \u00e9 levado para um p\u00e1tio credenciado do Departamento de Tr\u00e2nsito de Minas Gerais (Detran-MG). Para retir\u00e1-lo, o propriet\u00e1rio deve quitar todos os d\u00e9bitos referentes \u00e0 legaliza\u00e7\u00e3o, como: Imposto sobre a Propriedade de Ve\u00edculos Automotores (IPVA), Seguro do Tr\u00e2nsito &#8211; Danos Pessoais Causados por Ve\u00edculos Automotores de Via Terrestre (Dpvat) ou licenciamento. Al\u00e9m de ter que pagar as taxas de remo\u00e7\u00e3o e guarda do ve\u00edculo, pagas ao p\u00e1tio credenciado. \u201cCaso esteja com a documenta\u00e7\u00e3o em dia, ser\u00e1 necess\u00e1rio pagar eventuais multas e o p\u00e1tio\u201d, ressaltou Peron.<\/p>\n<p>Em casos de flagrantes de infra\u00e7\u00f5es no tr\u00e2nsito, a equipe de agentes de fiscaliza\u00e7\u00e3o de transporte e tr\u00e2nsito pode ser acionada atrav\u00e9s do 3690-7400.<\/p>\n<p>Fonte: Assessoria \/ PJF<\/p>\n","protected":false},"excerpt":{"rendered":"<p>A Secretaria de Transporte e Tr\u00e2nsito (Settra), atrav\u00e9s do Departamento de Fiscaliza\u00e7\u00e3o de Transporte e Tr\u00e2nsito (DFTT), removeu, s\u00f3 neste m\u00eas, 39 ve\u00edculos envolvidos em infra\u00e7\u00f5es. De setembro at\u00e9 agora, j\u00e1 foram 138. Os dados foram divulgados nesta segunda-feira, 23. A irregularidade mais frequente \u00e9 o estacionamento irregular, principalmente em porta de garagens: foram 45 [&hellip;]<\/p>\n","protected":false},"author":96,"featured_media":83749,"comment_status":"closed","ping_status":"closed","sticky":false,"template":"","format":"standard","meta":{"footnotes":""},"categories":[253],"tags":[],"class_list":["post-83750","post","type-post","status-publish","format-standard","has-post-thumbnail","hentry","category-cidade"],"_links":{"self":[{"href":"https:\/\/diarioregionaldigital.com.br\/index.php?rest_route=\/wp\/v2\/posts\/83750","targetHints":{"allow":["GET"]}}],"collection":[{"href":"https:\/\/diarioregionaldigital.com.br\/index.php?rest_route=\/wp\/v2\/posts"}],"about":[{"href":"https:\/\/diarioregionaldigital.com.br\/index.php?rest_route=\/wp\/v2\/types\/post"}],"author":[{"embeddable":true,"href":"https:\/\/diarioregionaldigital.com.br\/index.php?rest_route=\/wp\/v2\/users\/96"}],"replies":[{"embeddable":true,"href":"https:\/\/diarioregionaldigital.com.br\/index.php?rest_route=%2Fwp%2Fv2%2Fcomments&post=83750"}],"version-history":[{"count":0,"href":"https:\/\/diarioregionaldigital.com.br\/index.php?rest_route=\/wp\/v2\/posts\/83750\/revisions"}],"wp:featuredmedia":[{"embeddable":true,"href":"https:\/\/diarioregionaldigital.com.br\/index.php?rest_route=\/wp\/v2\/media\/83749"}],"wp:attachment":[{"href":"https:\/\/diarioregionaldigital.com.br\/index.php?rest_route=%2Fwp%2Fv2%2Fmedia&parent=83750"}],"wp:term":[{"taxonomy":"category","embeddable":true,"href":"https:\/\/diarioregionaldigital.com.br\/index.php?rest_route=%2Fwp%2Fv2%2Fcategories&post=83750"},{"taxonomy":"post_tag","embeddable":true,"href":"https:\/\/diarioregionaldigital.com.br\/index.php?rest_route=%2Fwp%2Fv2%2Ftags&post=83750"}],"curies":[{"name":"wp","href":"https:\/\/api.w.org\/{rel}","templated":true}]}}