{"id":83748,"date":"2017-10-23T15:03:03","date_gmt":"2017-10-23T17:03:03","guid":{"rendered":"http:\/\/diarioregionaljf.com.br\/2017\/10\/23\/jovem-que-atirou-em-goiania-aguarda-decisao-judicial-para-ser-transferido\/"},"modified":"2017-10-23T15:03:03","modified_gmt":"2017-10-23T17:03:03","slug":"jovem-que-atirou-em-goiania-aguarda-decisao-judicial-para-ser-transferido","status":"publish","type":"post","link":"https:\/\/diarioregionaldigital.com.br\/?p=83748","title":{"rendered":"Jovem que atirou em Goi\u00e2nia aguarda decis\u00e3o judicial para ser transferido"},"content":{"rendered":"<p>O Tribunal de Justi\u00e7a de Goi\u00e1s (TJ-GO) informou nesta segunda-feira, 23, que a audi\u00eancia de apresenta\u00e7\u00e3o \u00e0 Vara da Inf\u00e2ncia e Juventude do adolescente que, na \u00faltima sexta-feira, 20, disparou contra outros alunos de uma escola particular de Goi\u00e2nia (GO), matando dois estudantes e ferindo quatro, n\u00e3o acontecer\u00e1 nesta segunda-feira, 23, conforme inicialmente anunciado.<\/p>\n<p>Em nota, a assessoria do tribunal se limitou a comunicar \u00e0 imprensa que o Juizado da Inf\u00e2ncia ainda n\u00e3o designou a data da audi\u00eancia e que, por raz\u00f5es legais, n\u00e3o fornecer\u00e1 novos detalhes sobre o caso, que corre em segredo de Justi\u00e7a.<\/p>\n<p>At\u00e9 a realiza\u00e7\u00e3o da audi\u00eancia, o adolescente de 14 anos deve permanecer na cela da Delegacia de Apura\u00e7\u00e3o de Atos Infracionais onde est\u00e1 apreendido desde a sexta-feira.<\/p>\n<p>Na noite de s\u00e1bado, 21, a ju\u00edza Maria Cezar Moreno Senhorelo \u2013 que n\u00e3o responde pela Vara da Inf\u00e2ncia e Juventude, mas estava de plant\u00e3o \u2013 acatou a recomenda\u00e7\u00e3o do Minist\u00e9rio P\u00fablico estadual e determinou a interna\u00e7\u00e3o provis\u00f3ria do adolescente por 45 dias.<\/p>\n<p>Pela decis\u00e3o da ju\u00edza, o garoto deveria ser transferido para o Centro de Interna\u00e7\u00e3o Provis\u00f3ria (CIP) da capital goiana, onde aguardaria o julgamento do caso pelo Juizado da Inf\u00e2ncia e Juventude, conforme previsto no Estatuto da Crian\u00e7a e do Adolescente.<\/p>\n<p>Ontem, 22, no entanto, a mesma ju\u00edza acatou o pedido da defesa do autor dos disparos e determinou que o adolescente permane\u00e7a na cela de uma delegacia at\u00e9 ser apresentado ao Juizado da Inf\u00e2ncia e Juventude. Segundo a advogada que defende o estudante, o centro de interna\u00e7\u00e3o n\u00e3o \u00e9 seguro para o adolescente, uma vez que seus pais s\u00e3o policiais militares e seu pai j\u00e1 atuou no sistema prisional. O MP tamb\u00e9m solicitou que o adolescente seja colocado em separado dos demais internos.<\/p>\n<p>Em depoimento ao MP e \u00e0 Pol\u00edcia Civil, o jovem afirmou ter premeditado o crime, tendo, inclusive, pesquisado por seis meses, na internet, sobre armas e ataques em escolas, como os ocorridos em um col\u00e9gio de Columbine, nos Estados Unidos, em 1999, e em Realengo, no Rio de Janeiro, em 2011.<\/p>\n<p>Depoimentos<\/p>\n<p>A Pol\u00edcia Civil retomou hoje os depoimentos sobre o caso. Durante a manh\u00e3, o delegado Luiz Gonzaga J\u00fanior, respons\u00e1vel pelo caso, ouviu o pai do adolescente autor dos disparos. Tamb\u00e9m ser\u00e3o ouvidos os pais das v\u00edtimas do ataque, al\u00e9m da coordenadora do col\u00e9gio, Simone Maulaz Elteto, e outras testemunhas, como os primeiros policiais militares que chegaram ao local da ocorr\u00eancia.<\/p>\n<p>Foi a coordenadora escolar quem conseguiu acalmar o jovem, convencendo-o a parar de atirar contra os estudantes.<\/p>\n<hr \/>\n<p>&nbsp;Fonte: Ag\u00eancia Brasil<\/p>\n","protected":false},"excerpt":{"rendered":"<p>O Tribunal de Justi\u00e7a de Goi\u00e1s (TJ-GO) informou nesta segunda-feira, 23, que a audi\u00eancia de apresenta\u00e7\u00e3o \u00e0 Vara da Inf\u00e2ncia e Juventude do adolescente que, na \u00faltima sexta-feira, 20, disparou contra outros alunos de uma escola particular de Goi\u00e2nia (GO), matando dois estudantes e ferindo quatro, n\u00e3o acontecer\u00e1 nesta segunda-feira, 23, conforme inicialmente anunciado. Em [&hellip;]<\/p>\n","protected":false},"author":96,"featured_media":83747,"comment_status":"closed","ping_status":"closed","sticky":false,"template":"","format":"standard","meta":{"footnotes":""},"categories":[302],"tags":[],"class_list":["post-83748","post","type-post","status-publish","format-standard","has-post-thumbnail","hentry","category-brasil-mundo"],"_links":{"self":[{"href":"https:\/\/diarioregionaldigital.com.br\/index.php?rest_route=\/wp\/v2\/posts\/83748","targetHints":{"allow":["GET"]}}],"collection":[{"href":"https:\/\/diarioregionaldigital.com.br\/index.php?rest_route=\/wp\/v2\/posts"}],"about":[{"href":"https:\/\/diarioregionaldigital.com.br\/index.php?rest_route=\/wp\/v2\/types\/post"}],"author":[{"embeddable":true,"href":"https:\/\/diarioregionaldigital.com.br\/index.php?rest_route=\/wp\/v2\/users\/96"}],"replies":[{"embeddable":true,"href":"https:\/\/diarioregionaldigital.com.br\/index.php?rest_route=%2Fwp%2Fv2%2Fcomments&post=83748"}],"version-history":[{"count":0,"href":"https:\/\/diarioregionaldigital.com.br\/index.php?rest_route=\/wp\/v2\/posts\/83748\/revisions"}],"wp:featuredmedia":[{"embeddable":true,"href":"https:\/\/diarioregionaldigital.com.br\/index.php?rest_route=\/wp\/v2\/media\/83747"}],"wp:attachment":[{"href":"https:\/\/diarioregionaldigital.com.br\/index.php?rest_route=%2Fwp%2Fv2%2Fmedia&parent=83748"}],"wp:term":[{"taxonomy":"category","embeddable":true,"href":"https:\/\/diarioregionaldigital.com.br\/index.php?rest_route=%2Fwp%2Fv2%2Fcategories&post=83748"},{"taxonomy":"post_tag","embeddable":true,"href":"https:\/\/diarioregionaldigital.com.br\/index.php?rest_route=%2Fwp%2Fv2%2Ftags&post=83748"}],"curies":[{"name":"wp","href":"https:\/\/api.w.org\/{rel}","templated":true}]}}