{"id":83738,"date":"2017-10-23T14:39:48","date_gmt":"2017-10-23T16:39:48","guid":{"rendered":"http:\/\/diarioregionaljf.com.br\/2017\/10\/23\/petrobras-anuncia-venda-de-90-da-participacao-em-transportadora-de-gas\/"},"modified":"2017-10-23T14:39:48","modified_gmt":"2017-10-23T16:39:48","slug":"petrobras-anuncia-venda-de-90-da-participacao-em-transportadora-de-gas","status":"publish","type":"post","link":"https:\/\/diarioregionaldigital.com.br\/?p=83738","title":{"rendered":"Petrobras anuncia venda de 90% da participa\u00e7\u00e3o em transportadora de g\u00e1s"},"content":{"rendered":"<p>O mercado financeiro aumentou a proje\u00e7\u00e3o de infla\u00e7\u00e3o pela terceira vez seguida. A estimativa para o \u00cdndice Nacional de Pre\u00e7os ao Consumidor Amplo (IPCA), desta vez, passou de 3% para 3,06%, este ano. A estimativa \u00e9 do Boletim Focus, uma publica\u00e7\u00e3o divulgada toda segunda-feira no site do Banco Central (BC), com proje\u00e7\u00f5es para os principais indicadores econ\u00f4micos.<\/p>\n<p>Para 2018, a estimativa para o IPCA permanece em 4,02%. As estimativas para os dois anos permanecem abaixo do centro da meta de 4,5%, que deve ser perseguida pelo BC. Essa meta tem ainda um intervalo de toler\u00e2ncia entre 3% e 6%.<\/p>\n<p>Para alcan\u00e7ar a meta, o BC usa como principal instrumento a taxa b\u00e1sica de juros, a Selic, atualmente em 8,25% ao ano.<\/p>\n<p>Nesta ter\u00e7a e quarta-feira (25), o Comit\u00ea de Pol\u00edtica Monet\u00e1ria (Copom) do Banco Central re\u00fane-se para definir a Selic. A expectativa do mercado \u00e9 de que a taxa caia para 7,5% ao ano nessa reuni\u00e3o. Para o fim de 2017, a expectativa permanece em 7% ao ano. Essa tamb\u00e9m \u00e9 a proje\u00e7\u00e3o para o fim de 2018.<\/p>\n<p>Quando o Copom diminui os juros b\u00e1sicos, a tend\u00eancia \u00e9 de que o cr\u00e9dito fique mais barato, com incentivo \u00e0 produ\u00e7\u00e3o e ao consumo, reduzindo o controle sobre a infla\u00e7\u00e3o. Quando o Copom aumenta a Selic, o objetivo \u00e9 conter a demanda aquecida, e isso gera reflexos nos pre\u00e7os porque os juros mais altos encarecem o cr\u00e9dito e estimulam a poupan\u00e7a.<\/p>\n<p>A proje\u00e7\u00e3o para o crescimento do Produto Interno Bruto (PIB), a soma de todos os bens e servi\u00e7os produzidos no pa\u00eds, foi levemente ajustada de 0,72% para 0,73%, este ano. Para 2018, a estimativa de expans\u00e3o segue em 2,50%.<\/p>\n<hr \/>\n<p>&nbsp;Fonte: Ag\u00eancia Brasil<\/p>\n","protected":false},"excerpt":{"rendered":"<p>O mercado financeiro aumentou a proje\u00e7\u00e3o de infla\u00e7\u00e3o pela terceira vez seguida. A estimativa para o \u00cdndice Nacional de Pre\u00e7os ao Consumidor Amplo (IPCA), desta vez, passou de 3% para 3,06%, este ano. A estimativa \u00e9 do Boletim Focus, uma publica\u00e7\u00e3o divulgada toda segunda-feira no site do Banco Central (BC), com proje\u00e7\u00f5es para os principais [&hellip;]<\/p>\n","protected":false},"author":96,"featured_media":83737,"comment_status":"closed","ping_status":"closed","sticky":false,"template":"","format":"standard","meta":{"footnotes":""},"categories":[261],"tags":[],"class_list":["post-83738","post","type-post","status-publish","format-standard","has-post-thumbnail","hentry","category-economia"],"_links":{"self":[{"href":"https:\/\/diarioregionaldigital.com.br\/index.php?rest_route=\/wp\/v2\/posts\/83738","targetHints":{"allow":["GET"]}}],"collection":[{"href":"https:\/\/diarioregionaldigital.com.br\/index.php?rest_route=\/wp\/v2\/posts"}],"about":[{"href":"https:\/\/diarioregionaldigital.com.br\/index.php?rest_route=\/wp\/v2\/types\/post"}],"author":[{"embeddable":true,"href":"https:\/\/diarioregionaldigital.com.br\/index.php?rest_route=\/wp\/v2\/users\/96"}],"replies":[{"embeddable":true,"href":"https:\/\/diarioregionaldigital.com.br\/index.php?rest_route=%2Fwp%2Fv2%2Fcomments&post=83738"}],"version-history":[{"count":0,"href":"https:\/\/diarioregionaldigital.com.br\/index.php?rest_route=\/wp\/v2\/posts\/83738\/revisions"}],"wp:featuredmedia":[{"embeddable":true,"href":"https:\/\/diarioregionaldigital.com.br\/index.php?rest_route=\/wp\/v2\/media\/83737"}],"wp:attachment":[{"href":"https:\/\/diarioregionaldigital.com.br\/index.php?rest_route=%2Fwp%2Fv2%2Fmedia&parent=83738"}],"wp:term":[{"taxonomy":"category","embeddable":true,"href":"https:\/\/diarioregionaldigital.com.br\/index.php?rest_route=%2Fwp%2Fv2%2Fcategories&post=83738"},{"taxonomy":"post_tag","embeddable":true,"href":"https:\/\/diarioregionaldigital.com.br\/index.php?rest_route=%2Fwp%2Fv2%2Ftags&post=83738"}],"curies":[{"name":"wp","href":"https:\/\/api.w.org\/{rel}","templated":true}]}}