{"id":83515,"date":"2017-10-19T18:32:48","date_gmt":"2017-10-19T20:32:48","guid":{"rendered":"http:\/\/diarioregionaljf.com.br\/2017\/10\/19\/pjf-devera-firmar-parceria-com-governo-do-estado-em-prol-do-serrinha\/"},"modified":"2017-10-19T18:32:48","modified_gmt":"2017-10-19T20:32:48","slug":"pjf-devera-firmar-parceria-com-governo-do-estado-em-prol-do-serrinha","status":"publish","type":"post","link":"https:\/\/diarioregionaldigital.com.br\/?p=83515","title":{"rendered":"PJF dever\u00e1 firmar parceria com Governo do estado em prol do Serrinha"},"content":{"rendered":"<p>Uma parceria entre o Governo do Estado e a Prefeitura de Juiz de Fora (PJF) dever\u00e1 ser firmada nos pr\u00f3ximos meses. A medida pretende viabilizar recursos para que o Aeroporto Francisco \u00c1lvares de Assis, o Aeroporto da Serrinha, volte a operar. A proposta foi realizada ap\u00f3s encontro, na ter\u00e7a-feira, 17, entre os deputados estaduais Noraldino J\u00fanior (PSC) e Lafayette Andrada (PSD) e o governador de Minas, Fernando Pimentel (PT), em que foi apresentado um diagn\u00f3stico sobre a situa\u00e7\u00e3o do local.<\/p>\n<p>\u201cO aeroporto deveria ser considerado uma prioridade da cidade. \u00c9 um instrumento de grande import\u00e2ncia para o desenvolvimento do munic\u00edpio. Procurei o Governo para mostrar a import\u00e2ncia disso, mesmo que a retomada das atividades n\u00e3o seja de responsabilidade dele\u201d, refor\u00e7ou o deputado do PSC.<\/p>\n<p>Durante a reuni\u00e3o, Noraldino solicitou ao governador a conclus\u00e3o do processo licitat\u00f3rio ou uma medida emergencial para opera\u00e7\u00e3o do aer\u00f3dromo e a defini\u00e7\u00e3o da empresa que o administrar\u00e1. \u201cO governador mostrou-se interessado e entendeu a nossa necessidade, por\u00e9m, admitiu que \u00e9 preciso uma parceria com a PJF. Ent\u00e3o, ficou definido que o governo entraria em contato com a Prefeitura para que o acordo possa ser selado\u201d, destacou. Para a pr\u00f3xima semana est\u00e1 programada uma reuni\u00e3o na sede da Companhia de Desenvolvimento Econ\u00f4mico de Minas Gerais (Codemig) para tratar do assunto. Representantes da PJF foram convidados para o encontro para conhecerem as propostas do Governo do estado. A reuni\u00e3o de ter\u00e7a-feira n\u00e3o teve a presen\u00e7a da Prefeitura.<\/p>\n<p>Em nota, a assessoria da Secretaria de Desenvolvimento Econ\u00f4mico, Trabalho e Turismo (Sedettur ) refor\u00e7ou que recebeu contatos do deputado, via telefone, dizendo que a reuni\u00e3o seria realizada na ter\u00e7a-feira. A secretaria tamb\u00e9m comunica que foi informada sobre uma nova reuni\u00e3o agendada na pr\u00f3xima semana, com a Codemig.<\/p>\n<p>&nbsp;<\/p>\n<h4>COMO EST\u00c1 O AEROPORTO<\/h4>\n<p>Desde agosto deste ano, quando o contrato de concess\u00e3o com a Sociedade Nacional de Apoio Rodovi\u00e1rio e Tur\u00edstico Ltda (Sinart), antiga administradora, expirou, o aeroporto est\u00e1 sobre gest\u00e3o da Sedettur. A licita\u00e7\u00e3o para contratar a empresa substituta da Sinart, inicialmente, aconteceria em agosto, por\u00e9m foi suspensa para responder questionamentos t\u00e9cnicos, das empresas interessadas, acerca do edital. Estava prevista a contrata\u00e7\u00e3o da empresa pelo prazo inicial de 12 meses, que poderia ser prorrogado por igual per\u00edodo ou por 60 meses, e valor estimado em R$106.650 mensais. Al\u00e9m disso, a companhia deveria manter, no m\u00ednimo, 15 funcion\u00e1rios.<\/p>\n<p>No final do m\u00eas passado, a Sedettur confirmou que uma nova licita\u00e7\u00e3o estava a caminho, mas n\u00e3o deu detalhes de como seria o novo edital. A pasta tamb\u00e9m admitiu que cinco empresas estavam interessadas. Uma delas seria a &#8220;Passaredo Linhas A\u00e9reas&#8221;, com sede na cidade de Ribeir\u00e3o Preto, estado de S\u00e3o Paulo, que informou ter interesse, entretanto, dependia da aprova\u00e7\u00e3o da Ag\u00eancia Nacional de Avia\u00e7\u00e3o Civil (Anac).<\/p>\n<p>Tamb\u00e9m por meio de nota, a assessoria completa que \u201co edital est\u00e1 em fase final de elabora\u00e7\u00e3o\u201d.<\/p>\n","protected":false},"excerpt":{"rendered":"<p>Uma parceria entre o Governo do Estado e a Prefeitura de Juiz de Fora (PJF) dever\u00e1 ser firmada nos pr\u00f3ximos meses. A medida pretende viabilizar recursos para que o Aeroporto Francisco \u00c1lvares de Assis, o Aeroporto da Serrinha, volte a operar. A proposta foi realizada ap\u00f3s encontro, na ter\u00e7a-feira, 17, entre os deputados estaduais Noraldino [&hellip;]<\/p>\n","protected":false},"author":96,"featured_media":83514,"comment_status":"closed","ping_status":"closed","sticky":false,"template":"","format":"standard","meta":{"footnotes":""},"categories":[253],"tags":[],"class_list":["post-83515","post","type-post","status-publish","format-standard","has-post-thumbnail","hentry","category-cidade"],"_links":{"self":[{"href":"https:\/\/diarioregionaldigital.com.br\/index.php?rest_route=\/wp\/v2\/posts\/83515","targetHints":{"allow":["GET"]}}],"collection":[{"href":"https:\/\/diarioregionaldigital.com.br\/index.php?rest_route=\/wp\/v2\/posts"}],"about":[{"href":"https:\/\/diarioregionaldigital.com.br\/index.php?rest_route=\/wp\/v2\/types\/post"}],"author":[{"embeddable":true,"href":"https:\/\/diarioregionaldigital.com.br\/index.php?rest_route=\/wp\/v2\/users\/96"}],"replies":[{"embeddable":true,"href":"https:\/\/diarioregionaldigital.com.br\/index.php?rest_route=%2Fwp%2Fv2%2Fcomments&post=83515"}],"version-history":[{"count":0,"href":"https:\/\/diarioregionaldigital.com.br\/index.php?rest_route=\/wp\/v2\/posts\/83515\/revisions"}],"wp:featuredmedia":[{"embeddable":true,"href":"https:\/\/diarioregionaldigital.com.br\/index.php?rest_route=\/wp\/v2\/media\/83514"}],"wp:attachment":[{"href":"https:\/\/diarioregionaldigital.com.br\/index.php?rest_route=%2Fwp%2Fv2%2Fmedia&parent=83515"}],"wp:term":[{"taxonomy":"category","embeddable":true,"href":"https:\/\/diarioregionaldigital.com.br\/index.php?rest_route=%2Fwp%2Fv2%2Fcategories&post=83515"},{"taxonomy":"post_tag","embeddable":true,"href":"https:\/\/diarioregionaldigital.com.br\/index.php?rest_route=%2Fwp%2Fv2%2Ftags&post=83515"}],"curies":[{"name":"wp","href":"https:\/\/api.w.org\/{rel}","templated":true}]}}