{"id":83499,"date":"2017-10-19T18:01:02","date_gmt":"2017-10-19T20:01:02","guid":{"rendered":"http:\/\/diarioregionaljf.com.br\/2017\/10\/19\/ansiedade-atinge-69-dos-consumidores-com-dividas-atrasadas\/"},"modified":"2017-10-19T18:01:02","modified_gmt":"2017-10-19T20:01:02","slug":"ansiedade-atinge-69-dos-consumidores-com-dividas-atrasadas","status":"publish","type":"post","link":"https:\/\/diarioregionaldigital.com.br\/?p=83499","title":{"rendered":"Ansiedade atinge 69% dos consumidores com d\u00edvidas atrasadas"},"content":{"rendered":"<p>O percentual de consumidores brasileiros que sofrem de ansiedade por causa de d\u00edvidas atrasadas por mais de 90 dias subiu de 60%, em setembro do ano passado, para 69% no mesmo m\u00eas deste ano, segundo levantamento do Servi\u00e7o de Prote\u00e7\u00e3o ao Cr\u00e9dito (SPC Brasil) e da Confedera\u00e7\u00e3o Nacional de Dirigentes Lojistas (CNDL).<\/p>\n<p>Outros sentimentos apontados pelos consumidores inadimplentes s\u00e3o inseguran\u00e7a (65%), estresse (64%), ang\u00fastia (61%), des\u00e2nimo (58%), culpa (57%), baixa autoestima (56%) e vergonha perante a fam\u00edlia e amigos (51%). Os principais efeitos incluem ficar facilmente irritado (52%) ou mal-humorado (49%), al\u00e9m de ter menos vontade de sair e socializar (45%).<\/p>\n<p>A inadimpl\u00eancia afeta a vida profissional, j\u00e1 que 25% dos inadimplentes admitiram ficar mais desatentos e menos produtivos, alta de 9 pontos percentuais em rela\u00e7\u00e3o a 2016. Ainda, 21% disseram que perdem a paci\u00eancia e se irritam com facilidade ao lidar com colegas no servi\u00e7o.<\/p>\n<p><strong>V\u00edcios<\/strong><\/p>\n<p>Inadimplentes tamb\u00e9m recorrem a v\u00edcios. Pelo menos 21% deles admitiram descontar os problemas no cigarro, em comida ou no \u00e1lcool. Enquanto alguns sofrem de ins\u00f4nia (44%) e descontam a ansiedade comendo mais (34%), outros acabam desenvolvendo atitudes contr\u00e1rias, como perda de apetite (35%) e vontade fora do normal de dormir (36%).<\/p>\n<p>Foram constatadas tamb\u00e9m atitudes agressivas em 18% dos consumidores com d\u00edvidas, sendo que 14% apelaram para agress\u00f5es f\u00edsicas. O maior temor com rela\u00e7\u00e3o \u00e0s pend\u00eancias atrasadas \u00e9 n\u00e3o conseguir pag\u00e1-las (36%), ser considerado desonesto pelas pessoas (11%), n\u00e3o conseguir parcelas compras (9%), n\u00e3o arrumar emprego (9%) e n\u00e3o poder mais fazer empr\u00e9stimos (7%).<\/p>\n<p><strong>Economia<\/strong><\/p>\n<p>Tentando sanar as contas no vermelho, 76% dos inadimplentes disseram ter deixado de fazer compras parceladas usando cheques, cart\u00f5es e carn\u00eas. Al\u00e9m disso, 74% fizeram cortes ou ajustes no or\u00e7amento e 47% deixaram de comprar itens de primeira necessidade.<\/p>\n<p>Nem todos, por\u00e9m, optaram por economizar, j\u00e1 que 45% admitiram que n\u00e3o deixaram de comprar alimentos sup\u00e9rfluos (como iogurtes, congelados e bebidas) e 36% n\u00e3o deixaram de sair para se divertir. Os que n\u00e3o abrem m\u00e3o de adquirir, de forma parcelada, roupas e cal\u00e7ados s\u00e3o 29% dos endividados.<\/p>\n<hr \/>\n<p>&nbsp;Fonte: Ag\u00eancia Brasil<\/p>\n","protected":false},"excerpt":{"rendered":"<p>O percentual de consumidores brasileiros que sofrem de ansiedade por causa de d\u00edvidas atrasadas por mais de 90 dias subiu de 60%, em setembro do ano passado, para 69% no mesmo m\u00eas deste ano, segundo levantamento do Servi\u00e7o de Prote\u00e7\u00e3o ao Cr\u00e9dito (SPC Brasil) e da Confedera\u00e7\u00e3o Nacional de Dirigentes Lojistas (CNDL). Outros sentimentos apontados [&hellip;]<\/p>\n","protected":false},"author":96,"featured_media":83498,"comment_status":"closed","ping_status":"closed","sticky":false,"template":"","format":"standard","meta":{"footnotes":""},"categories":[261],"tags":[],"class_list":["post-83499","post","type-post","status-publish","format-standard","has-post-thumbnail","hentry","category-economia"],"_links":{"self":[{"href":"https:\/\/diarioregionaldigital.com.br\/index.php?rest_route=\/wp\/v2\/posts\/83499","targetHints":{"allow":["GET"]}}],"collection":[{"href":"https:\/\/diarioregionaldigital.com.br\/index.php?rest_route=\/wp\/v2\/posts"}],"about":[{"href":"https:\/\/diarioregionaldigital.com.br\/index.php?rest_route=\/wp\/v2\/types\/post"}],"author":[{"embeddable":true,"href":"https:\/\/diarioregionaldigital.com.br\/index.php?rest_route=\/wp\/v2\/users\/96"}],"replies":[{"embeddable":true,"href":"https:\/\/diarioregionaldigital.com.br\/index.php?rest_route=%2Fwp%2Fv2%2Fcomments&post=83499"}],"version-history":[{"count":0,"href":"https:\/\/diarioregionaldigital.com.br\/index.php?rest_route=\/wp\/v2\/posts\/83499\/revisions"}],"wp:featuredmedia":[{"embeddable":true,"href":"https:\/\/diarioregionaldigital.com.br\/index.php?rest_route=\/wp\/v2\/media\/83498"}],"wp:attachment":[{"href":"https:\/\/diarioregionaldigital.com.br\/index.php?rest_route=%2Fwp%2Fv2%2Fmedia&parent=83499"}],"wp:term":[{"taxonomy":"category","embeddable":true,"href":"https:\/\/diarioregionaldigital.com.br\/index.php?rest_route=%2Fwp%2Fv2%2Fcategories&post=83499"},{"taxonomy":"post_tag","embeddable":true,"href":"https:\/\/diarioregionaldigital.com.br\/index.php?rest_route=%2Fwp%2Fv2%2Ftags&post=83499"}],"curies":[{"name":"wp","href":"https:\/\/api.w.org\/{rel}","templated":true}]}}