{"id":83439,"date":"2017-10-18T20:15:24","date_gmt":"2017-10-18T22:15:24","guid":{"rendered":"http:\/\/diarioregionaljf.com.br\/2017\/10\/18\/seminario\/"},"modified":"2017-10-18T20:15:24","modified_gmt":"2017-10-18T22:15:24","slug":"seminario","status":"publish","type":"post","link":"https:\/\/diarioregionaldigital.com.br\/?p=83439","title":{"rendered":"Semin\u00e1rio"},"content":{"rendered":"<p style=\"text-align: center;\"><span class=\"h4\">CEMIG<\/span><br \/>Em boa hora, o investimento em Juiz de Fora tamb\u00e9m envolveu projetos do Programa de Efici\u00eancia Energ\u00e9tica da Cemig e ajudou fam\u00edlias de baixa renda e lares de idosos, garantindo qualidade de vida e desenvolvimento de atividades agr\u00edcolas nas \u00e1reas rurais.<\/p>\n<p style=\"text-align: center;\"><span class=\"h4\">Semin\u00e1rio<\/span><br \/>No Semin\u00e1rio \u201cBrasil Resgate de Uma Na\u00e7\u00e3o\u201d promovido pelo C\u00edrculo Mon\u00e1rquico de Juiz de Fora, muitos nomes-not\u00edcia da cidade estiveram presentes no Museu de Cr\u00e9dito Real. Ap\u00f3s o evento no Museu os palestrantes e os monarquistas foram convidados pelo chanceler Ohannes Kabderian para um almo\u00e7o em seu ap\u00ea na Halfeld, com muito requinte e brindes a monarquia.<\/p>\n<p style=\"text-align: center;\"><span class=\"h4\">Arte<\/span><br \/>O Grupo Divulga\u00e7\u00e3o estreou, no Teatro do Forum da Cultura da UFJF, o espet\u00e1culo \u201c1894 O major\u201d, texto de Artur Azevedo, em vers\u00e3o dirigida por Jos\u00e9 Luiz Ribeiro. A temporada segue em cartaz at\u00e9 o dia 3 de dezembro, com apresenta\u00e7\u00e3o de quarta a domingo, sempre \u00e0s 20h30.<\/p>\n<p style=\"text-align: center;\"><span class=\"h4\">Aten\u00e7\u00e3o<\/span><br \/>O Brasil tem mais de 1,2 mil faculdades de Direito, muitas delas sem compromisso com a qualidade do ensino. Agora, o MEC est\u00e1 liberando cursos de \u201cTecn\u00f3logo em servi\u00e7os jur\u00eddicos\u201d. A abertura de vagas \u00e9 usada como moeda de troca pol\u00edtica no pa\u00eds. \u00c9 um estelionato nacional, condena o presidente da OAB, Cl\u00e1udio Lamachia. S\u00f3 no Paran\u00e1, ber\u00e7o da Lava-Jato, foram abertas 3 mil vagas em Direito.<\/p>\n<p style=\"text-align: center;\"><span class=\"h4\">Vernissage<\/span><br \/>Foi um sucesso o vernissage \u201cO artista que h\u00e1 em mim\u201d, dos alunos do 7\u00ba ano do Col\u00e9gio Academia, sob a coordena\u00e7\u00e3o das professoras Ilda Lima e Dayse Lamas. A mostra enfeitou as paredes da Galeria de Arte, do Forum da Cultura, da UFJF, revelando novos artistas pl\u00e1sticos.<\/p>\n<p style=\"text-align: center;\"><span class=\"h4\">Dica<\/span><br \/>Ser\u00e1 dia 22, no Bosque Eventos, em S\u00e3o Pedro, o desfile em prol da Funda\u00e7\u00e3o Ricardo Moys\u00e9s J\u00fanior. Vestindo a camisa, a \u2018digital influencer\u2019 Lara Caruso e outras crian\u00e7as. A promo\u00e7\u00e3o \u00e9 da revista \u201cViver e Crescer\u201d.<\/p>\n<p style=\"text-align: center;\"><img decoding=\"async\" class=\" size-full wp-image-83430\" src=\"http:\/\/diarioregionaljf.com.br\/wp-content\/uploads\/2017\/10\/diario-int-20458-1.jpg\" alt=\"FOTOAA.jpg\" width=\"680\" style=\"display: block; margin-left: auto; margin-right: auto;\" srcset=\"https:\/\/diarioregionaldigital.com.br\/wp-content\/uploads\/2017\/10\/diario-int-20458-1.jpg 680w, https:\/\/diarioregionaldigital.com.br\/wp-content\/uploads\/2017\/10\/diario-int-20458-1-266x300.jpg 266w, https:\/\/diarioregionaldigital.com.br\/wp-content\/uploads\/2017\/10\/diario-int-20458-1-360x407.jpg 360w\" sizes=\"(max-width: 680px) 100vw, 680px\" \/>Aniversariando nesta 5\u00aa feira, 19, o coiffeur das estrelas, Rhuan Fontes<\/p>\n<p style=\"text-align: center;\"><img decoding=\"async\" class=\" size-full wp-image-83431\" src=\"http:\/\/diarioregionaljf.com.br\/wp-content\/uploads\/2017\/10\/diario-int-20458-2.jpg\" alt=\"FOTOB.jpg\" width=\"680\" style=\"display: block; margin-left: auto; margin-right: auto;\" srcset=\"https:\/\/diarioregionaldigital.com.br\/wp-content\/uploads\/2017\/10\/diario-int-20458-2.jpg 680w, https:\/\/diarioregionaldigital.com.br\/wp-content\/uploads\/2017\/10\/diario-int-20458-2-300x199.jpg 300w, https:\/\/diarioregionaldigital.com.br\/wp-content\/uploads\/2017\/10\/diario-int-20458-2-360x238.jpg 360w\" sizes=\"(max-width: 680px) 100vw, 680px\" \/>Sucesso absoluto com sua exposi\u00e7\u00e3o sobre Nossa Senhora Aparecida, no Shopping Jardim Norte, o talentoso Yure Mendes<\/p>\n<p style=\"text-align: center;\"><img decoding=\"async\" class=\" size-full wp-image-83432\" src=\"http:\/\/diarioregionaljf.com.br\/wp-content\/uploads\/2017\/10\/diario-int-20458-3.jpg\" alt=\"FOTOBB.jpg\" width=\"680\" style=\"display: block; margin-left: auto; margin-right: auto;\" srcset=\"https:\/\/diarioregionaldigital.com.br\/wp-content\/uploads\/2017\/10\/diario-int-20458-3.jpg 680w, https:\/\/diarioregionaldigital.com.br\/wp-content\/uploads\/2017\/10\/diario-int-20458-3-300x198.jpg 300w, https:\/\/diarioregionaldigital.com.br\/wp-content\/uploads\/2017\/10\/diario-int-20458-3-360x237.jpg 360w\" sizes=\"(max-width: 680px) 100vw, 680px\" \/>No Credireal o mais antigo Monarquista do Brasil Rog\u00e9rio da Silva Tjader, Ohannes Kabderian, Pedro Halfeld, Heitor Luiz Villela e Jean Menezes do Carmo<\/p>\n<p style=\"text-align: center;\"><img decoding=\"async\" class=\" size-full wp-image-83433\" src=\"http:\/\/diarioregionaljf.com.br\/wp-content\/uploads\/2017\/10\/diario-int-20458-4.jpg\" alt=\"FOTOC.jpg\" width=\"680\" style=\"display: block; margin-left: auto; margin-right: auto;\" srcset=\"https:\/\/diarioregionaldigital.com.br\/wp-content\/uploads\/2017\/10\/diario-int-20458-4.jpg 680w, https:\/\/diarioregionaldigital.com.br\/wp-content\/uploads\/2017\/10\/diario-int-20458-4-300x199.jpg 300w, https:\/\/diarioregionaldigital.com.br\/wp-content\/uploads\/2017\/10\/diario-int-20458-4-360x238.jpg 360w\" sizes=\"(max-width: 680px) 100vw, 680px\" \/>Na campanha Outubro Rosa, os Embaixadores da Paz, Victor Ma\u00e7ola e Emilainy Werneck<\/p>\n<p style=\"text-align: center;\"><img decoding=\"async\" class=\" size-full wp-image-83434\" src=\"http:\/\/diarioregionaljf.com.br\/wp-content\/uploads\/2017\/10\/diario-int-20458-5.jpg\" alt=\"FOTOD.jpg\" width=\"680\" style=\"display: block; margin-left: auto; margin-right: auto;\" srcset=\"https:\/\/diarioregionaldigital.com.br\/wp-content\/uploads\/2017\/10\/diario-int-20458-5.jpg 680w, https:\/\/diarioregionaldigital.com.br\/wp-content\/uploads\/2017\/10\/diario-int-20458-5-300x199.jpg 300w, https:\/\/diarioregionaldigital.com.br\/wp-content\/uploads\/2017\/10\/diario-int-20458-5-360x238.jpg 360w\" sizes=\"(max-width: 680px) 100vw, 680px\" \/>Na exposi\u00e7\u00e3o dos alunos da Academia, no Forum da Cultura, Marcelo Bruni e o filho Gabriel Bruni<\/p>\n<p style=\"text-align: center;\"><img decoding=\"async\" class=\" size-full wp-image-83435\" src=\"http:\/\/diarioregionaljf.com.br\/wp-content\/uploads\/2017\/10\/diario-int-20458-6.jpg\" alt=\"FOTOE.jpg\" width=\"680\" style=\"display: block; margin-left: auto; margin-right: auto;\" srcset=\"https:\/\/diarioregionaldigital.com.br\/wp-content\/uploads\/2017\/10\/diario-int-20458-6.jpg 680w, https:\/\/diarioregionaldigital.com.br\/wp-content\/uploads\/2017\/10\/diario-int-20458-6-300x199.jpg 300w, https:\/\/diarioregionaldigital.com.br\/wp-content\/uploads\/2017\/10\/diario-int-20458-6-360x238.jpg 360w\" sizes=\"(max-width: 680px) 100vw, 680px\" \/>Tifani Melo usa brincos by Candy e look rosa da loja Ananda<\/p>\n<p style=\"text-align: center;\"><img decoding=\"async\" class=\" size-full wp-image-83436\" src=\"http:\/\/diarioregionaljf.com.br\/wp-content\/uploads\/2017\/10\/diario-int-20458-7.JPG\" alt=\"FOTOF.JPG\" width=\"680\" style=\"display: block; margin-left: auto; margin-right: auto;\" srcset=\"https:\/\/diarioregionaldigital.com.br\/wp-content\/uploads\/2017\/10\/diario-int-20458-7.JPG 680w, https:\/\/diarioregionaldigital.com.br\/wp-content\/uploads\/2017\/10\/diario-int-20458-7-300x199.jpg 300w, https:\/\/diarioregionaldigital.com.br\/wp-content\/uploads\/2017\/10\/diario-int-20458-7-360x238.jpg 360w\" sizes=\"(max-width: 680px) 100vw, 680px\" \/>No Bar da F\u00e1brica, no lan\u00e7amento da m\u00fasica da Banda Daki, Mam\u00e3o, Z\u00e9 Kodak, Isauro Calais e M\u00e1rcio Itaboray<\/p>\n<p style=\"text-align: center;\"><img decoding=\"async\" class=\" size-full wp-image-83437\" src=\"http:\/\/diarioregionaljf.com.br\/wp-content\/uploads\/2017\/10\/diario-int-20458-8.jpg\" alt=\"FOTOG.jpg\" width=\"680\" style=\"display: block; margin-left: auto; margin-right: auto;\" srcset=\"https:\/\/diarioregionaldigital.com.br\/wp-content\/uploads\/2017\/10\/diario-int-20458-8.jpg 680w, https:\/\/diarioregionaldigital.com.br\/wp-content\/uploads\/2017\/10\/diario-int-20458-8-266x300.jpg 266w, https:\/\/diarioregionaldigital.com.br\/wp-content\/uploads\/2017\/10\/diario-int-20458-8-360x407.jpg 360w\" sizes=\"(max-width: 680px) 100vw, 680px\" \/>Emerson Moreira veste 4Live<\/p>\n<p style=\"text-align: center;\"><img decoding=\"async\" class=\" size-full wp-image-83438\" src=\"http:\/\/diarioregionaljf.com.br\/wp-content\/uploads\/2017\/10\/diario-int-20458-9.JPG\" alt=\"FOTOI.JPG\" width=\"680\" style=\"display: block; margin-left: auto; margin-right: auto;\" srcset=\"https:\/\/diarioregionaldigital.com.br\/wp-content\/uploads\/2017\/10\/diario-int-20458-9.JPG 680w, https:\/\/diarioregionaldigital.com.br\/wp-content\/uploads\/2017\/10\/diario-int-20458-9-300x199.jpg 300w, https:\/\/diarioregionaldigital.com.br\/wp-content\/uploads\/2017\/10\/diario-int-20458-9-360x238.jpg 360w\" sizes=\"(max-width: 680px) 100vw, 680px\" \/>O staff competente da loja Oficina do Terno na Halfeld parte baixa com Cleuza Maria, J\u00falio C\u00e9sar e Marcelo Ribeiro<\/p>\n<p class=\"h4\" style=\"text-align: center;\">FOTOSS\u00cdNTESE<\/p>\n<p>Dois talentos da m\u00fasica em Juiz de Fora reunindo Jussara Sarmento e Marcelo Souza dar\u00e3o o tom de bossa nova, nesta sexta-feira, 20, \u00e0s 20h, no Excalibur, na rua S\u00e3o Mateus, 265.<\/p>\n<p>O enfermeiro-cl\u00ednico Rodrigo Franco comemorou devidamente o Dia Mundial de Cuidados Paliativos, comemorado no dia 14 de outubro.<\/p>\n<p>Mago das tesouras, o coiffeur Dan Saggioro lan\u00e7a durante coquetel hoje no Werner Coiffeur, \u00e0s 18h30, sua marca que leva seu nome.<\/p>\n<p>Talentosa e carism\u00e1tica, a jornalista Cris Hubner apresentou o Congresso Mineiro de Terapia Cognitiva, a convite da Faculdade de Psicologia do Machado Sobrinho.<\/p>\n<p>O antenad\u00edssimo e jovem fot\u00f3grafo Igor Oliveira vai festejar anivers\u00e1rio no dia 4 de novembro com todos \u00e0 fantasia com tem\u00e1tica na Gr\u00e9cia antiga.<\/p>\n<p>Ser\u00e1 lan\u00e7ado no dia 25, no Festival Primeiro Plano, o filme \u201cMobile Haikai\u201d, com dire\u00e7\u00e3o coletiva de Lilian Werneck, Ana Carolina Durante, Giovane Machado, Vin\u00edcius Cristov\u00e3o, Hussan Fadel, Car\u00fa Rezende, Let\u00edcia Nogueira, Sandra Em\u00edlia Costa e Kennedy Vasconcelos.<\/p>\n<p>A bel\u00edssima Patr\u00edcia Alvim dar\u00e1 in\u00edcio ao seu concorrido Curso de Modelos. Inscri\u00e7\u00e3o pelo fone: 3213-7272.<\/p>\n<p>Em boa hora, a Santa Casa de Miseric\u00f3rdia de Juiz de Fora abriu concurso com 27 vagas para o programa de resid\u00eancia m\u00e9dica em v\u00e1rias especialidades.<\/p>\n<p>Causando impacto visual no Shopping Jardim Norte, a exposi\u00e7\u00e3o \u201c300 anos de Nossa Senhora Aparecida\u201d, com dez imagens em ferro, com inspira\u00e7\u00e3o no artesanato mineiro. A autoria \u00e9 do estrelado artista pl\u00e1stico Yure Mendes.<\/p>\n<p>Marcela Borges convida este colunista para, junto com os Acad\u00eamicos de Odontologia de S\u00e3o Jo\u00e3o del Rei, participar no dia 21 de outubro, \u00e0s 16h, do evento Mete a Broca, na Avenida Club-Danceteria. Haver\u00e1 #UP Funk e Pagode.<\/p>\n<p>O cabeleireiro do ano 2017, Rosenberg Frizeiro est\u00e1 atuando agora com seu talento no PH-Hair, no Marechal Center, 3\u00aa piso-loja 339.<\/p>\n<p>Para refletir: \u201cTodo homem \u00e9 culpado pelo bem que n\u00e3o fez\u201d (Voltaire). Bom dia.<\/p>\n","protected":false},"excerpt":{"rendered":"<p>CEMIGEm boa hora, o investimento em Juiz de Fora tamb\u00e9m envolveu projetos do Programa de Efici\u00eancia Energ\u00e9tica da Cemig e ajudou fam\u00edlias de baixa renda e lares de idosos, garantindo qualidade de vida e desenvolvimento de atividades agr\u00edcolas nas \u00e1reas rurais. Semin\u00e1rioNo Semin\u00e1rio \u201cBrasil Resgate de Uma Na\u00e7\u00e3o\u201d promovido pelo C\u00edrculo Mon\u00e1rquico de Juiz de [&hellip;]<\/p>\n","protected":false},"author":96,"featured_media":83429,"comment_status":"closed","ping_status":"closed","sticky":false,"template":"","format":"standard","meta":{"footnotes":""},"categories":[264],"tags":[],"class_list":["post-83439","post","type-post","status-publish","format-standard","has-post-thumbnail","hentry","category-eduardo-gomes"],"_links":{"self":[{"href":"https:\/\/diarioregionaldigital.com.br\/index.php?rest_route=\/wp\/v2\/posts\/83439","targetHints":{"allow":["GET"]}}],"collection":[{"href":"https:\/\/diarioregionaldigital.com.br\/index.php?rest_route=\/wp\/v2\/posts"}],"about":[{"href":"https:\/\/diarioregionaldigital.com.br\/index.php?rest_route=\/wp\/v2\/types\/post"}],"author":[{"embeddable":true,"href":"https:\/\/diarioregionaldigital.com.br\/index.php?rest_route=\/wp\/v2\/users\/96"}],"replies":[{"embeddable":true,"href":"https:\/\/diarioregionaldigital.com.br\/index.php?rest_route=%2Fwp%2Fv2%2Fcomments&post=83439"}],"version-history":[{"count":0,"href":"https:\/\/diarioregionaldigital.com.br\/index.php?rest_route=\/wp\/v2\/posts\/83439\/revisions"}],"wp:featuredmedia":[{"embeddable":true,"href":"https:\/\/diarioregionaldigital.com.br\/index.php?rest_route=\/wp\/v2\/media\/83429"}],"wp:attachment":[{"href":"https:\/\/diarioregionaldigital.com.br\/index.php?rest_route=%2Fwp%2Fv2%2Fmedia&parent=83439"}],"wp:term":[{"taxonomy":"category","embeddable":true,"href":"https:\/\/diarioregionaldigital.com.br\/index.php?rest_route=%2Fwp%2Fv2%2Fcategories&post=83439"},{"taxonomy":"post_tag","embeddable":true,"href":"https:\/\/diarioregionaldigital.com.br\/index.php?rest_route=%2Fwp%2Fv2%2Ftags&post=83439"}],"curies":[{"name":"wp","href":"https:\/\/api.w.org\/{rel}","templated":true}]}}