{"id":83428,"date":"2017-10-18T20:13:11","date_gmt":"2017-10-18T22:13:11","guid":{"rendered":"http:\/\/diarioregionaljf.com.br\/2017\/10\/18\/primeiro-plano-tera-mais-de-27-horas-de-projecao-gratuita-de-filmes\/"},"modified":"2017-10-18T20:13:11","modified_gmt":"2017-10-18T22:13:11","slug":"primeiro-plano-tera-mais-de-27-horas-de-projecao-gratuita-de-filmes","status":"publish","type":"post","link":"https:\/\/diarioregionaldigital.com.br\/?p=83428","title":{"rendered":"Primeiro Plano ter\u00e1 mais de 27 horas de proje\u00e7\u00e3o gratuita de filmes"},"content":{"rendered":"<p>O Primeiro Plano &#8211; Festival de Cinema de Juiz de Fora e Mercocidades inicia, na pr\u00f3xima segunda-feira, 23, uma verdadeira maratona do audiovisual em Juiz de Fora, com a proje\u00e7\u00e3o de mais de 27 horas de filmes, entre curtas e longas-metragens. Ao longo de toda a semana, o Cinemais Alameda (Rua Morais e Castro, n\u00ba300, Alto dos Passos) ser\u00e1 a casa do Primeiro Plano, que este ano chega a sua 16\u00aa edi\u00e7\u00e3o ininterrupta. O festival, que em 2015 foi inclu\u00eddo no calend\u00e1rio oficial de eventos da cidade, consolida-se como uma oportunidade que o p\u00fablico local tem de assistir gratuitamente aos filmes que dificilmente seriam exibidos no circuito comercial de cinema. A cerim\u00f4nia de abertura acontece na segunda, a partir das 20h, com a exibi\u00e7\u00e3o do curta &#8220;Ainda \u00e9 cedo&#8221;, de Ana Cl\u00e1udia Ferreira, e do longa &#8220;Fala comigo&#8221;, de Felipe Sholl, grande vencedor da 18\u00aa edi\u00e7\u00e3o do Festival do Rio. O filme \u00e9 estrelado por Denise Fraga, Tom Karabachian e Karine Teles, que estar\u00e1 na sess\u00e3o de abertura do festival, ao lado do diretor. Para esta primeira sess\u00e3o do Primeiro Plano 2017, as bilheterias ser\u00e3o abertas com uma hora de anteced\u00eancia para a retirada gratuita dos ingressos. Os lugares s\u00e3o limitados.<\/p>\n<p>Al\u00e9m de &#8220;Fala comigo&#8221;, outros cinco longas-metragens &#8211; quatro brasileiros e um chileno &#8211; ser\u00e3o apresentados ao p\u00fablico ao longo de toda semana. Um deles \u00e9 &#8220;A parte do mundo que me pertence&#8221;, do cineasta juiz-forano Marcos Pimentel, destaque da 19\u00aa edi\u00e7\u00e3o do Festival do Rio, que aconteceu neste m\u00eas de outubro. O filme ganhou o trof\u00e9u Redentor na categoria melhor longa-metragem da mostra Premi\u00e8re Brasil: Novos Rumos. Al\u00e9m do trof\u00e9u, o filme recebeu o Pr\u00eamio Petrobras de Distribui\u00e7\u00e3o, que garante a exibi\u00e7\u00e3o em salas de cinema por todo o pa\u00eds.<\/p>\n<p>No document\u00e1rio, Pimentel acompanha nove pessoas com perfis diferentes, cada uma com um sonho pr\u00f3prio. O diretor tenta entender os combust\u00edveis que nos movem no cotidiano e volta sua aten\u00e7\u00e3o para os sonhos e desejos da gente comum, personagens an\u00f4nimos que n\u00e3o habitam nenhum cart\u00e3o-postal, nenhuma imagem chave de cidade alguma. O filme retrata os desejos sem julg\u00e1-los, pois o objetivo de Marcos Pimentel \u00e9 chamar aten\u00e7\u00e3o para a grandeza das a\u00e7\u00f5es de vidas an\u00f4nimas, mostrando que sonhar faz parte da exist\u00eancia do ser humano. &#8220;A parte do mundo que me pertence&#8221; ser\u00e1 exibido no s\u00e1bado, 28, \u00e0s 18h, durante a Mostra Audiovisual de Juiz de Fora, que re\u00fane produ\u00e7\u00f5es da velha-guarda de cineastas juiz-foranos.<\/p>\n<p>&nbsp;<\/p>\n<h4>SESS\u00c3O ESPECIAL NA PRA\u00c7A CEU<\/h4>\n<p>Antes mesmo da cerim\u00f4nia de abertura, o Primeiro Plano j\u00e1 enche Juiz de Fora com o esp\u00edrito da s\u00e9tima arte. Curtas-metragens premiados nas \u00faltimas edi\u00e7\u00f5es do festival e outros ainda in\u00e9ditos na cidade ser\u00e3o exibidos gratuitamente no Centro de Artes e Esportes Unificados, conhecido como a Pra\u00e7a CEU, em Benfica. Quatro filmes ser\u00e3o apresentados ao p\u00fablico nesta sexta-feira, 20, \u00e0s 19h. Os filmes exibidos ser\u00e3o &#8220;Araca&#8221;, document\u00e1rio sobre a Aracy de Almeida realizado pelo cineasta Eleques Eiterer; &#8220;Barbante&#8221;, de Samir Hauaji e Daniel Couto; &#8220;Nham Nham&#8221;, de Lucas Barros; e &#8220;Disfarce Perfeito&#8221;, de J\u00e9ssica Ribeiro. A sala est\u00e1 sujeita a lota\u00e7\u00e3o. A Pra\u00e7a CEU fica na Avenida Juscelino Kubitscheck, n\u00ba5.899, bairro Benfica, Zona Norte.<\/p>\n<h4>MOSTRAS COMPETITIVAS<\/h4>\n<p>Entre ter\u00e7a e sexta-feira, o p\u00fablico poder\u00e1 acompanhar as mostras competitivas. Na Mostra Competitiva Regional, s\u00e3o 29 curtas realizados por cineastas estreantes e veteranos residentes em Juiz de Fora e Zona da Mata. O melhor curta feito por diretor universit\u00e1rio tamb\u00e9m concorre ao Pr\u00eamio Incentivo Primeiro Plano, que d\u00e1 ao vencedor R$9 mil brutos para realizar uma nova produ\u00e7\u00e3o no ano seguinte. J\u00e1 a Mostra Competitiva Mercocidades exibe 25 filmes dirigidos por cineastas estreantes de outras partes do Brasil, al\u00e9m de pa\u00edses da Am\u00e9rica Latina. Em ambas as mostras competitivas, os curtas foram finalizados a partir de janeiro de 2016 e t\u00eam dura\u00e7\u00e3o m\u00e1xima de 20 minutos cada. Para essas mostras, os ingressos podem ser retirados antes de cada sess\u00e3o, na bilheteria do Cinemais Alameda.<\/p>\n<p>&nbsp;<\/p>\n<h4>AUDIODESCRI\u00c7\u00c3O E LEGENDAGEM DESCRITIVA<\/h4>\n<p>Como uma das novidades para este ano, o Primeiro Plano traz um recurso ainda in\u00e9dito no festival: a legendagem descritiva. A t\u00e9cnica corresponde \u00e0 transcri\u00e7\u00e3o dos di\u00e1logos, efeitos sonoros, sons do ambiente e demais informa\u00e7\u00f5es da obra audiovisual que sejam relevantes para possibilitar a melhor compreens\u00e3o da obra, especialmente para surdos e pessoas com baixa audi\u00e7\u00e3o. O recurso estar\u00e1 presente junto com a audiodescri\u00e7\u00e3o, que no ano passado passou a integrar o Primeiro Plano. A audiodescri\u00e7\u00e3o \u00e9 uma narra\u00e7\u00e3o integrada ao som original da obra audiovisual, contendo descri\u00e7\u00f5es de sons e elementos visuais e quaisquer informa\u00e7\u00f5es adicionais que sejam relevantes para possibilitar a melhor compreens\u00e3o da obra, especialmente para cegos e pessoas com baixa vis\u00e3o.<\/p>\n<p>Tanto a audiodescri\u00e7\u00e3o quanto a legendagem descritiva ser\u00e3o empregadas em filme exibidos na quinta e na sexta-feira, dentro da Sess\u00e3o Lanterninha, voltada para o p\u00fablico infanto-juvenil. A Sess\u00e3o Lanterninha, que tem o objetivo de propiciar a educa\u00e7\u00e3o para o cinema, \u00e9 voltada para o p\u00fablico em idade escolar, mas \u00e9 aberta a toda a popula\u00e7\u00e3o. Este ano, s\u00e3o exibidos filmes e anima\u00e7\u00f5es. Assim como todo o festival Primeiro Plano, a Sess\u00e3o Lanterninha \u00e9 gratuita.<\/p>\n<p>Ainda dentro do tema da acessibilidade, o Primeiro Plano traz, pela primeira vez, um encontro sobre Produ\u00e7\u00e3o em Cinema com Acessibilidade Comunicacional. O evento acontece na quarta-feira, 25, \u00e0s 10h, no plen\u00e1rio da C\u00e2mara Municipal de Juiz de Fora. O objetivo do encontro \u00e9 apresentar e discutir as possibilidades de produ\u00e7\u00e3o de obras com acessibilidade comunicacional atrav\u00e9s da utiliza\u00e7\u00e3o dos recursos como libras, legendagem e audiodescri\u00e7\u00e3o. A meta tamb\u00e9m \u00e9 incentivar a produ\u00e7\u00e3o de obras acess\u00edveis, legitimadas e que buscam, dentro do desenvolvimento da linguagem cinematogr\u00e1fica, seu car\u00e1ter profissional. O encontro ainda busca a divulga\u00e7\u00e3o da utiliza\u00e7\u00e3o destes recursos e, consequentemente, promover a inclus\u00e3o de pessoas com defici\u00eancia nas exibi\u00e7\u00f5es e salas de cinema.<\/p>\n<p>O encontro sobre Produ\u00e7\u00e3o em Cinema com Acessibilidade Comunicacional ter\u00e1 a participa\u00e7\u00e3o de tr\u00eas especialistas no tema: Ana Paula Machado, supervisora de desenvolvimento e acessibilidade do Departamento de Pol\u00edticas para a Pessoa com Defici\u00eancia e Direitos Humanos\/JF, coordenadora do n\u00facleo de Acessibilidade da Suprema, professora e int\u00e9rprete de Libras; Aparecida Pereira Leite, cega em decorr\u00eancia de glaucoma cong\u00eanito e consultora em audiodescri\u00e7\u00e3o em cinema; e Patr\u00edcia Almeida, especialista em Audiodescri\u00e7\u00e3o\/NGime e Secretaria Nacional de Defesa da Pessoa com Defici\u00eancia.<\/p>\n<p>Fonte: Assessoria<\/p>\n","protected":false},"excerpt":{"rendered":"<p>O Primeiro Plano &#8211; Festival de Cinema de Juiz de Fora e Mercocidades inicia, na pr\u00f3xima segunda-feira, 23, uma verdadeira maratona do audiovisual em Juiz de Fora, com a proje\u00e7\u00e3o de mais de 27 horas de filmes, entre curtas e longas-metragens. Ao longo de toda a semana, o Cinemais Alameda (Rua Morais e Castro, n\u00ba300, [&hellip;]<\/p>\n","protected":false},"author":96,"featured_media":83427,"comment_status":"closed","ping_status":"closed","sticky":false,"template":"","format":"standard","meta":{"footnotes":""},"categories":[253],"tags":[],"class_list":["post-83428","post","type-post","status-publish","format-standard","has-post-thumbnail","hentry","category-cidade"],"_links":{"self":[{"href":"https:\/\/diarioregionaldigital.com.br\/index.php?rest_route=\/wp\/v2\/posts\/83428","targetHints":{"allow":["GET"]}}],"collection":[{"href":"https:\/\/diarioregionaldigital.com.br\/index.php?rest_route=\/wp\/v2\/posts"}],"about":[{"href":"https:\/\/diarioregionaldigital.com.br\/index.php?rest_route=\/wp\/v2\/types\/post"}],"author":[{"embeddable":true,"href":"https:\/\/diarioregionaldigital.com.br\/index.php?rest_route=\/wp\/v2\/users\/96"}],"replies":[{"embeddable":true,"href":"https:\/\/diarioregionaldigital.com.br\/index.php?rest_route=%2Fwp%2Fv2%2Fcomments&post=83428"}],"version-history":[{"count":0,"href":"https:\/\/diarioregionaldigital.com.br\/index.php?rest_route=\/wp\/v2\/posts\/83428\/revisions"}],"wp:featuredmedia":[{"embeddable":true,"href":"https:\/\/diarioregionaldigital.com.br\/index.php?rest_route=\/wp\/v2\/media\/83427"}],"wp:attachment":[{"href":"https:\/\/diarioregionaldigital.com.br\/index.php?rest_route=%2Fwp%2Fv2%2Fmedia&parent=83428"}],"wp:term":[{"taxonomy":"category","embeddable":true,"href":"https:\/\/diarioregionaldigital.com.br\/index.php?rest_route=%2Fwp%2Fv2%2Fcategories&post=83428"},{"taxonomy":"post_tag","embeddable":true,"href":"https:\/\/diarioregionaldigital.com.br\/index.php?rest_route=%2Fwp%2Fv2%2Ftags&post=83428"}],"curies":[{"name":"wp","href":"https:\/\/api.w.org\/{rel}","templated":true}]}}