{"id":83418,"date":"2017-10-18T19:33:55","date_gmt":"2017-10-18T21:33:55","guid":{"rendered":"http:\/\/diarioregionaljf.com.br\/2017\/10\/18\/caminhao-tanque-roubado-em-mariana-e-encontrado-vazio-em-muriae\/"},"modified":"2017-10-18T19:33:55","modified_gmt":"2017-10-18T21:33:55","slug":"caminhao-tanque-roubado-em-mariana-e-encontrado-vazio-em-muriae","status":"publish","type":"post","link":"https:\/\/diarioregionaldigital.com.br\/?p=83418","title":{"rendered":"Caminh\u00e3o tanque roubado em Mariana \u00e9 encontrado vazio em Muria\u00e9"},"content":{"rendered":"<p>Um caminh\u00e3o tanque que transportava combust\u00edvel foi roubado na manh\u00e3 dessa ter\u00e7a-feira, 17, na cidade de Mariana, regi\u00e3o Central do estado, e encontrado na manh\u00e3 desta quarta-feira, 18, \u00e0s margens da BR-116, em Muria\u00e9. O tanque do ve\u00edculo estava vazio.<\/p>\n<p>Conforme apurado, o motorista foi rendido e amarrado por bandidos armados, em Mariana, e s\u00f3 foi liberado \u00e0 noite, pr\u00f3ximo \u00e0 Vermelho, distrito de Muria\u00e9.<\/p>\n<p>Na manh\u00e3 desta quarta o ve\u00edculo foi encontrado sem a carga \u00e0s margens da BR-116, em uma estrada de acesso a uma fazenda, a poucos metros do Clube dos Banc\u00e1rios.<\/p>\n<p>At\u00e9 o momento n\u00e3o h\u00e1 informa\u00e7\u00f5es sobre os autores.<\/p>\n<p>&nbsp;<\/p>\n<p>Da reda\u00e7\u00e3o\/Colabora\u00e7\u00e3o R\u00e1dio Muria\u00e9<\/p>\n","protected":false},"excerpt":{"rendered":"<p>Um caminh\u00e3o tanque que transportava combust\u00edvel foi roubado na manh\u00e3 dessa ter\u00e7a-feira, 17, na cidade de Mariana, regi\u00e3o Central do estado, e encontrado na manh\u00e3 desta quarta-feira, 18, \u00e0s margens da BR-116, em Muria\u00e9. O tanque do ve\u00edculo estava vazio. Conforme apurado, o motorista foi rendido e amarrado por bandidos armados, em Mariana, e s\u00f3 [&hellip;]<\/p>\n","protected":false},"author":96,"featured_media":83417,"comment_status":"closed","ping_status":"closed","sticky":false,"template":"","format":"standard","meta":{"footnotes":""},"categories":[252],"tags":[],"class_list":["post-83418","post","type-post","status-publish","format-standard","has-post-thumbnail","hentry","category-regiao"],"_links":{"self":[{"href":"https:\/\/diarioregionaldigital.com.br\/index.php?rest_route=\/wp\/v2\/posts\/83418","targetHints":{"allow":["GET"]}}],"collection":[{"href":"https:\/\/diarioregionaldigital.com.br\/index.php?rest_route=\/wp\/v2\/posts"}],"about":[{"href":"https:\/\/diarioregionaldigital.com.br\/index.php?rest_route=\/wp\/v2\/types\/post"}],"author":[{"embeddable":true,"href":"https:\/\/diarioregionaldigital.com.br\/index.php?rest_route=\/wp\/v2\/users\/96"}],"replies":[{"embeddable":true,"href":"https:\/\/diarioregionaldigital.com.br\/index.php?rest_route=%2Fwp%2Fv2%2Fcomments&post=83418"}],"version-history":[{"count":0,"href":"https:\/\/diarioregionaldigital.com.br\/index.php?rest_route=\/wp\/v2\/posts\/83418\/revisions"}],"wp:featuredmedia":[{"embeddable":true,"href":"https:\/\/diarioregionaldigital.com.br\/index.php?rest_route=\/wp\/v2\/media\/83417"}],"wp:attachment":[{"href":"https:\/\/diarioregionaldigital.com.br\/index.php?rest_route=%2Fwp%2Fv2%2Fmedia&parent=83418"}],"wp:term":[{"taxonomy":"category","embeddable":true,"href":"https:\/\/diarioregionaldigital.com.br\/index.php?rest_route=%2Fwp%2Fv2%2Fcategories&post=83418"},{"taxonomy":"post_tag","embeddable":true,"href":"https:\/\/diarioregionaldigital.com.br\/index.php?rest_route=%2Fwp%2Fv2%2Ftags&post=83418"}],"curies":[{"name":"wp","href":"https:\/\/api.w.org\/{rel}","templated":true}]}}