{"id":83402,"date":"2017-10-18T18:54:11","date_gmt":"2017-10-18T20:54:11","guid":{"rendered":"http:\/\/diarioregionaljf.com.br\/2017\/10\/18\/pc-recupera-caminhao-e-carga-que-haviam-sido-roubados-na-br-116\/"},"modified":"2017-10-18T18:54:11","modified_gmt":"2017-10-18T20:54:11","slug":"pc-recupera-caminhao-e-carga-que-haviam-sido-roubados-na-br-116","status":"publish","type":"post","link":"https:\/\/diarioregionaldigital.com.br\/?p=83402","title":{"rendered":"PC recupera caminh\u00e3o e carga que haviam sido roubados na BR-116"},"content":{"rendered":"<p>Nessa ter\u00e7a-feira, 17, ap\u00f3s trabalhos de investiga\u00e7\u00e3o, a Pol\u00edcia Civil de Minas Gerais (PCMG), com o apoio da Pol\u00edcia Militar de Minas e do Rio de Janeiro, recuperou um caminh\u00e3o e toda a carga que teriam sido roubados na mesma data.<\/p>\n<p>Conforme informa\u00e7\u00f5es da titular da 30\u00b0 Delegacia de Pol\u00edcia Civil de Pirapetinga, Dra. Flavia Granado Alvarenga, em uma a\u00e7\u00e3o r\u00e1pida da PCMG, por meio de apura\u00e7\u00f5es, foi poss\u00edvel localizar em um s\u00edtio, na Zona Rural do munic\u00edpio de Santo Ant\u00f4nio de P\u00e1dua(RJ), toda a carga que seria de material de constru\u00e7\u00e3o e produtos agropecu\u00e1rios, avaliados em aproximadamente R$50 mil.<\/p>\n<p>O roubo teria ocorrido na BR-116, pr\u00f3ximo ao munic\u00edpio de Santo Ant\u00f4nio do Aventureiro, onde duas caminhonetes, com aproximadamente seis ocupantes armados, teriam rendido a v\u00edtima, determinando que ela descesse do caminh\u00e3o e entrasse na caminhonete Amarok, de cor bege. A v\u00edtima foi encapuzada e teria ficado em poder dos criminosos por aproximadamente duas horas, quando foi deixada na Zona Rural de Pirapetinga ,amarrada em uma \u00e1rvore.<\/p>\n<p>Durante a a\u00e7\u00e3o, tr\u00eas pessoas foram conduzidas at\u00e9 a Delegacia e, ap\u00f3s prestarem depoimento, foram liberadas. As investiga\u00e7\u00f5es prosseguem.<\/p>\n<p>&nbsp;<\/p>\n<p>Fonte: Assessoria<\/p>\n","protected":false},"excerpt":{"rendered":"<p>Nessa ter\u00e7a-feira, 17, ap\u00f3s trabalhos de investiga\u00e7\u00e3o, a Pol\u00edcia Civil de Minas Gerais (PCMG), com o apoio da Pol\u00edcia Militar de Minas e do Rio de Janeiro, recuperou um caminh\u00e3o e toda a carga que teriam sido roubados na mesma data. Conforme informa\u00e7\u00f5es da titular da 30\u00b0 Delegacia de Pol\u00edcia Civil de Pirapetinga, Dra. Flavia [&hellip;]<\/p>\n","protected":false},"author":96,"featured_media":83401,"comment_status":"closed","ping_status":"closed","sticky":false,"template":"","format":"standard","meta":{"footnotes":""},"categories":[252],"tags":[],"class_list":["post-83402","post","type-post","status-publish","format-standard","has-post-thumbnail","hentry","category-regiao"],"_links":{"self":[{"href":"https:\/\/diarioregionaldigital.com.br\/index.php?rest_route=\/wp\/v2\/posts\/83402","targetHints":{"allow":["GET"]}}],"collection":[{"href":"https:\/\/diarioregionaldigital.com.br\/index.php?rest_route=\/wp\/v2\/posts"}],"about":[{"href":"https:\/\/diarioregionaldigital.com.br\/index.php?rest_route=\/wp\/v2\/types\/post"}],"author":[{"embeddable":true,"href":"https:\/\/diarioregionaldigital.com.br\/index.php?rest_route=\/wp\/v2\/users\/96"}],"replies":[{"embeddable":true,"href":"https:\/\/diarioregionaldigital.com.br\/index.php?rest_route=%2Fwp%2Fv2%2Fcomments&post=83402"}],"version-history":[{"count":0,"href":"https:\/\/diarioregionaldigital.com.br\/index.php?rest_route=\/wp\/v2\/posts\/83402\/revisions"}],"wp:featuredmedia":[{"embeddable":true,"href":"https:\/\/diarioregionaldigital.com.br\/index.php?rest_route=\/wp\/v2\/media\/83401"}],"wp:attachment":[{"href":"https:\/\/diarioregionaldigital.com.br\/index.php?rest_route=%2Fwp%2Fv2%2Fmedia&parent=83402"}],"wp:term":[{"taxonomy":"category","embeddable":true,"href":"https:\/\/diarioregionaldigital.com.br\/index.php?rest_route=%2Fwp%2Fv2%2Fcategories&post=83402"},{"taxonomy":"post_tag","embeddable":true,"href":"https:\/\/diarioregionaldigital.com.br\/index.php?rest_route=%2Fwp%2Fv2%2Ftags&post=83402"}],"curies":[{"name":"wp","href":"https:\/\/api.w.org\/{rel}","templated":true}]}}