{"id":83400,"date":"2017-10-18T18:43:27","date_gmt":"2017-10-18T20:43:27","guid":{"rendered":"http:\/\/diarioregionaljf.com.br\/2017\/10\/18\/pm-prende-dois-foragidos-da-justica-em-pouco-mais-de-uma-hora\/"},"modified":"2017-10-18T18:43:27","modified_gmt":"2017-10-18T20:43:27","slug":"pm-prende-dois-foragidos-da-justica-em-pouco-mais-de-uma-hora","status":"publish","type":"post","link":"https:\/\/diarioregionaldigital.com.br\/?p=83400","title":{"rendered":"PM prende dois foragidos da justi\u00e7a em pouco mais de uma hora"},"content":{"rendered":"<p>Dois homens que estavam sendo procurados pela Justi\u00e7a, um deles com pris\u00e3o decretada por homic\u00eddio, foram capturados pela Pol\u00edcia Militar (PM) em pouco mais de uma hora, no fim da tarde dessa ter\u00e7a-feira, 17, em Muria\u00e9 e Cachoeira Alegre, distrito da cidade de Bar\u00e3o do Monte Alto.<\/p>\n<p>As pris\u00f5es foram efetuadas por militares do 3\u00ba Pelot\u00e3o, respons\u00e1vel pelo policiamento nos distritos e zona rural de Muria\u00e9, al\u00e9m dos munic\u00edpios vizinhos de Laranjal, Palma, Ros\u00e1rio da Limeira e Bar\u00e3o.<\/p>\n<p>Em tr\u00eas dias, tr\u00eas procurados pela Justi\u00e7a foram presos em a\u00e7\u00f5es do Pelot\u00e3o, comandado pelo oficial, tenente Wesley, que coordenou pessoalmente as a\u00e7\u00f5es dessa ter\u00e7a.<\/p>\n<p>A primeira captura se deu em Cachoeira Alegre, onde os militares prenderam um homem oriundo da cidade de Contagem, na regi\u00e3o metropolitana de Belo Horizonte. Contra ele havia dois mandados de pris\u00e3o em aberto, sendo um por crime de assassinato. Ele foi localizado em uma resid\u00eancia e, segundo o tenente, a PM chegou ao seu paradeiro ap\u00f3s den\u00fancias.<\/p>\n<p>Ainda conforme o tenente, j\u00e1 no retorno \u00e0 Muria\u00e9, ele e a Patrulha Rural abordaram dois homens em uma motocicleta, pr\u00f3ximo as Est\u00e1dio Soares de Azevedo, sendo constatada a exist\u00eancia de uma ordem judicial que determinava a pris\u00e3o de um deles.<\/p>\n<p>Os dois homens capturados foram conduzidos para apresenta\u00e7\u00e3o \u00e1 Pol\u00edcia Civil (PC), na delegacia do bairro Safira.<\/p>\n<p>&nbsp;<\/p>\n<p>Fonte: R\u00e1dio Muria\u00e9<\/p>\n","protected":false},"excerpt":{"rendered":"<p>Dois homens que estavam sendo procurados pela Justi\u00e7a, um deles com pris\u00e3o decretada por homic\u00eddio, foram capturados pela Pol\u00edcia Militar (PM) em pouco mais de uma hora, no fim da tarde dessa ter\u00e7a-feira, 17, em Muria\u00e9 e Cachoeira Alegre, distrito da cidade de Bar\u00e3o do Monte Alto. As pris\u00f5es foram efetuadas por militares do 3\u00ba [&hellip;]<\/p>\n","protected":false},"author":96,"featured_media":83399,"comment_status":"closed","ping_status":"closed","sticky":false,"template":"","format":"standard","meta":{"footnotes":""},"categories":[252],"tags":[],"class_list":["post-83400","post","type-post","status-publish","format-standard","has-post-thumbnail","hentry","category-regiao"],"_links":{"self":[{"href":"https:\/\/diarioregionaldigital.com.br\/index.php?rest_route=\/wp\/v2\/posts\/83400","targetHints":{"allow":["GET"]}}],"collection":[{"href":"https:\/\/diarioregionaldigital.com.br\/index.php?rest_route=\/wp\/v2\/posts"}],"about":[{"href":"https:\/\/diarioregionaldigital.com.br\/index.php?rest_route=\/wp\/v2\/types\/post"}],"author":[{"embeddable":true,"href":"https:\/\/diarioregionaldigital.com.br\/index.php?rest_route=\/wp\/v2\/users\/96"}],"replies":[{"embeddable":true,"href":"https:\/\/diarioregionaldigital.com.br\/index.php?rest_route=%2Fwp%2Fv2%2Fcomments&post=83400"}],"version-history":[{"count":0,"href":"https:\/\/diarioregionaldigital.com.br\/index.php?rest_route=\/wp\/v2\/posts\/83400\/revisions"}],"wp:featuredmedia":[{"embeddable":true,"href":"https:\/\/diarioregionaldigital.com.br\/index.php?rest_route=\/wp\/v2\/media\/83399"}],"wp:attachment":[{"href":"https:\/\/diarioregionaldigital.com.br\/index.php?rest_route=%2Fwp%2Fv2%2Fmedia&parent=83400"}],"wp:term":[{"taxonomy":"category","embeddable":true,"href":"https:\/\/diarioregionaldigital.com.br\/index.php?rest_route=%2Fwp%2Fv2%2Fcategories&post=83400"},{"taxonomy":"post_tag","embeddable":true,"href":"https:\/\/diarioregionaldigital.com.br\/index.php?rest_route=%2Fwp%2Fv2%2Ftags&post=83400"}],"curies":[{"name":"wp","href":"https:\/\/api.w.org\/{rel}","templated":true}]}}