{"id":83370,"date":"2017-10-18T14:05:47","date_gmt":"2017-10-18T16:05:47","guid":{"rendered":"http:\/\/diarioregionaljf.com.br\/2017\/10\/18\/servidores-da-cesama-realizam-manifestacao-contra-propostas-de-reajuste\/"},"modified":"2017-10-18T14:05:47","modified_gmt":"2017-10-18T16:05:47","slug":"servidores-da-cesama-realizam-manifestacao-contra-propostas-de-reajuste","status":"publish","type":"post","link":"https:\/\/diarioregionaldigital.com.br\/?p=83370","title":{"rendered":"Servidores da Cesama realizam manifesta\u00e7\u00e3o contra propostas de reajuste"},"content":{"rendered":"<p>ATUALIZADA \u00c0S 17H11 &#8211; 18\/10\/2017<\/p>\n<p>Um grupo de servidores da Companhia de Saneamento Municipal (Cesama), acompanhados do Sindicato dos Trabalhadores no Servi\u00e7o de \u00c1gua de Juiz de Fora (SINAGUA-JF), realizaram na manh\u00e3 desta quarta-feira, 18, uma assembl\u00e9ia e passeata a fim de discutirem e manifestarem as insatisfa\u00e7\u00f5es da categoria mediante determinadas a\u00e7\u00f5es Cesama em rela\u00e7\u00e3o aos direitos dos funcion\u00e1rios.<\/p>\n<p>A assembl\u00e9ia foi realizada na garagem da Cesama no bairro S\u00e3o Mateus e logo depois o grupo de trabalhadores seguiu em passeata pela Avenida Itamar Franco, chegando at\u00e9 o cruzamento com a Avenida Rio Branco e depois seguindo at\u00e9 a sede da companhia de saneamento, que tamb\u00e9m fica na Avenida Rio Branco.<\/p>\n<p>De acordo com o presidente do SINAGUA-JF, Ednaldo Ramos, a Cesama estaria retirando determinados direitos de seus funcion\u00e1rios. Ela afirma que \u201ch\u00e1 de seis a sete itens que a Cesama vem tentando retirar do trabalhador, mas n\u00e3o vamos aceitar a retirada de nenhum deles, pois reduz a nossa capacidade de negocia\u00e7\u00e3o.\u201d<\/p>\n<p>Uma das principais reivindica\u00e7\u00f5es do grupo diz respeito a quest\u00f5es salariais. Segundo Ednaldo, a companhia de saneamento quer parcelar o reajuste retroativo dos trabalhadores, referente a mar\u00e7o, em sete vezes. Durante a assembl\u00e9ia ficou decido n\u00e3o aceitar tal proposta.<\/p>\n<p>Aproximadamente um ter\u00e7o dos funcion\u00e1rios da Cesama participou da manifesta\u00e7\u00e3o. Em uma das faixas eles destacam a redu\u00e7\u00e3o de funcion\u00e1rios. Segundo os manifestantes em 2007 a Cesama contava com 718 funcion\u00e1rios, e atualmente s\u00e3o 605. Uma redu\u00e7\u00e3o de 113 trabalhadores.<\/p>\n<p>Ednaldo Campos tamb\u00e9m destacou que \u201cdesde mar\u00e7o deste ano o grupo vem tentando negocia\u00e7\u00f5es com a companhia, s\u00f3 que elas n\u00e3o avan\u00e7am\u201d. Ele registra que \u201cforam realizadas 12 reuni\u00f5es, inclusive duas no Minist\u00e9rio do Trabalho e uma no Minist\u00e9rio P\u00fablico do Trabalho.\u201d<\/p>\n<p>O grupo de funcion\u00e1rios, juntamente com o SINAGUA-JF, ir\u00e1 buscar apoio dos vereadores da cidade a fim de que possam intermediar as discuss\u00f5es e alcan\u00e7arem seus objetivos.<br \/>O presidente do SINAGUA-JF conclui afirmando que \u201cest\u00e1 ocorrendo muita intransig\u00eancia dentro da Cesama, onde o presidente n\u00e3o cumpre nem o que j\u00e1 foi acordado. Assim s\u00f3 resta ao sindicato levar a Companhia \u00e0 justi\u00e7a para que o que foi combinado possa ser cumprido\u201d.<\/p>\n<p>Em nota, a Cesama informou que as negocia\u00e7\u00f5es salariais com o Sin\u00e1gua ainda est\u00e3o em andamento e que a maioria dos benef\u00edcios foi assegurada pela empresa, havendo m\u00ednimas mudan\u00e7as. &#8220;Hoje, houve nova assembleia dos empregados, mas a Cesama ainda n\u00e3o foi comunicada oficialmente sobre a decis\u00e3o do encontro. A comiss\u00e3o de negocia\u00e7\u00e3o salarial da companhia j\u00e1 havia se colocado \u00e0 disposi\u00e7\u00e3o para uma nova reuni\u00e3o nesta quinta-feira, 19, e aguarda retorno do Sin\u00e1gua&#8221;, complementa a nota.<\/p>\n","protected":false},"excerpt":{"rendered":"<p>ATUALIZADA \u00c0S 17H11 &#8211; 18\/10\/2017 Um grupo de servidores da Companhia de Saneamento Municipal (Cesama), acompanhados do Sindicato dos Trabalhadores no Servi\u00e7o de \u00c1gua de Juiz de Fora (SINAGUA-JF), realizaram na manh\u00e3 desta quarta-feira, 18, uma assembl\u00e9ia e passeata a fim de discutirem e manifestarem as insatisfa\u00e7\u00f5es da categoria mediante determinadas a\u00e7\u00f5es Cesama em rela\u00e7\u00e3o [&hellip;]<\/p>\n","protected":false},"author":96,"featured_media":83369,"comment_status":"closed","ping_status":"closed","sticky":false,"template":"","format":"standard","meta":{"footnotes":""},"categories":[253],"tags":[],"class_list":["post-83370","post","type-post","status-publish","format-standard","has-post-thumbnail","hentry","category-cidade"],"_links":{"self":[{"href":"https:\/\/diarioregionaldigital.com.br\/index.php?rest_route=\/wp\/v2\/posts\/83370","targetHints":{"allow":["GET"]}}],"collection":[{"href":"https:\/\/diarioregionaldigital.com.br\/index.php?rest_route=\/wp\/v2\/posts"}],"about":[{"href":"https:\/\/diarioregionaldigital.com.br\/index.php?rest_route=\/wp\/v2\/types\/post"}],"author":[{"embeddable":true,"href":"https:\/\/diarioregionaldigital.com.br\/index.php?rest_route=\/wp\/v2\/users\/96"}],"replies":[{"embeddable":true,"href":"https:\/\/diarioregionaldigital.com.br\/index.php?rest_route=%2Fwp%2Fv2%2Fcomments&post=83370"}],"version-history":[{"count":0,"href":"https:\/\/diarioregionaldigital.com.br\/index.php?rest_route=\/wp\/v2\/posts\/83370\/revisions"}],"wp:featuredmedia":[{"embeddable":true,"href":"https:\/\/diarioregionaldigital.com.br\/index.php?rest_route=\/wp\/v2\/media\/83369"}],"wp:attachment":[{"href":"https:\/\/diarioregionaldigital.com.br\/index.php?rest_route=%2Fwp%2Fv2%2Fmedia&parent=83370"}],"wp:term":[{"taxonomy":"category","embeddable":true,"href":"https:\/\/diarioregionaldigital.com.br\/index.php?rest_route=%2Fwp%2Fv2%2Fcategories&post=83370"},{"taxonomy":"post_tag","embeddable":true,"href":"https:\/\/diarioregionaldigital.com.br\/index.php?rest_route=%2Fwp%2Fv2%2Ftags&post=83370"}],"curies":[{"name":"wp","href":"https:\/\/api.w.org\/{rel}","templated":true}]}}