{"id":83331,"date":"2017-10-17T21:16:18","date_gmt":"2017-10-17T23:16:18","guid":{"rendered":"http:\/\/diarioregionaljf.com.br\/2017\/10\/17\/funcionario-do-conselho-tutelar-e-acusado-de-injuria-racial\/"},"modified":"2017-10-17T21:16:18","modified_gmt":"2017-10-17T23:16:18","slug":"funcionario-do-conselho-tutelar-e-acusado-de-injuria-racial","status":"publish","type":"post","link":"https:\/\/diarioregionaldigital.com.br\/?p=83331","title":{"rendered":"Funcion\u00e1rio do Conselho Tutelar \u00e9 acusado de inj\u00faria racial"},"content":{"rendered":"<p>Uma jovem de 25 anos registrou ocorr\u00eancia na Pol\u00edcia Militar (PM) contra um funcion\u00e1rio do Conselho Tutelar de Juiz de Fora por ofensa racial, na noite dessa segunda-feira, 16.<\/p>\n<p>De acordo com informa\u00e7\u00f5es da PM, a v\u00edtima relatou que, durante discuss\u00e3o em uma rede social, o suspeito teria enviado a ela uma mensagem privada, dizendo que ela tinha &#8220;cor de bosta&#8221;. Ele teria afirmado ainda que a jovem deveria se cuidar melhor, pois devia esconder um monte de coisas na cabe\u00e7a, menos pente e shampoo.<\/p>\n<p>Segundo a v\u00edtima, o suspeito trabalha no Conselho Tutelar da rodovi\u00e1ria de Juiz de Fora. Ela tamb\u00e9m afirma que possui provas materiais do ocorrido. Diante do exposto, a jovem foi orientada a pegar copia da ocorr\u00eancia para maiores providencias.<\/p>\n<p>A reda\u00e7\u00e3o do Di\u00e1rio Regional entrou em contato com o acusado, mas ele preferiu n\u00e3o se manifestar at\u00e9 ser notificado pelo caso.<\/p>\n","protected":false},"excerpt":{"rendered":"<p>Uma jovem de 25 anos registrou ocorr\u00eancia na Pol\u00edcia Militar (PM) contra um funcion\u00e1rio do Conselho Tutelar de Juiz de Fora por ofensa racial, na noite dessa segunda-feira, 16. De acordo com informa\u00e7\u00f5es da PM, a v\u00edtima relatou que, durante discuss\u00e3o em uma rede social, o suspeito teria enviado a ela uma mensagem privada, dizendo [&hellip;]<\/p>\n","protected":false},"author":96,"featured_media":83330,"comment_status":"closed","ping_status":"closed","sticky":false,"template":"","format":"standard","meta":{"footnotes":""},"categories":[301],"tags":[],"class_list":["post-83331","post","type-post","status-publish","format-standard","has-post-thumbnail","hentry","category-artigos-policiais"],"_links":{"self":[{"href":"https:\/\/diarioregionaldigital.com.br\/index.php?rest_route=\/wp\/v2\/posts\/83331","targetHints":{"allow":["GET"]}}],"collection":[{"href":"https:\/\/diarioregionaldigital.com.br\/index.php?rest_route=\/wp\/v2\/posts"}],"about":[{"href":"https:\/\/diarioregionaldigital.com.br\/index.php?rest_route=\/wp\/v2\/types\/post"}],"author":[{"embeddable":true,"href":"https:\/\/diarioregionaldigital.com.br\/index.php?rest_route=\/wp\/v2\/users\/96"}],"replies":[{"embeddable":true,"href":"https:\/\/diarioregionaldigital.com.br\/index.php?rest_route=%2Fwp%2Fv2%2Fcomments&post=83331"}],"version-history":[{"count":0,"href":"https:\/\/diarioregionaldigital.com.br\/index.php?rest_route=\/wp\/v2\/posts\/83331\/revisions"}],"wp:featuredmedia":[{"embeddable":true,"href":"https:\/\/diarioregionaldigital.com.br\/index.php?rest_route=\/wp\/v2\/media\/83330"}],"wp:attachment":[{"href":"https:\/\/diarioregionaldigital.com.br\/index.php?rest_route=%2Fwp%2Fv2%2Fmedia&parent=83331"}],"wp:term":[{"taxonomy":"category","embeddable":true,"href":"https:\/\/diarioregionaldigital.com.br\/index.php?rest_route=%2Fwp%2Fv2%2Fcategories&post=83331"},{"taxonomy":"post_tag","embeddable":true,"href":"https:\/\/diarioregionaldigital.com.br\/index.php?rest_route=%2Fwp%2Fv2%2Ftags&post=83331"}],"curies":[{"name":"wp","href":"https:\/\/api.w.org\/{rel}","templated":true}]}}