{"id":83329,"date":"2017-10-17T20:50:51","date_gmt":"2017-10-17T22:50:51","guid":{"rendered":"http:\/\/diarioregionaljf.com.br\/2017\/10\/17\/arte-maior\/"},"modified":"2017-10-17T20:50:51","modified_gmt":"2017-10-17T22:50:51","slug":"arte-maior","status":"publish","type":"post","link":"https:\/\/diarioregionaldigital.com.br\/?p=83329","title":{"rendered":"Arte Maior"},"content":{"rendered":"<p style=\"text-align: center;\"><span class=\"h3 h4\">Ibope<\/span><br \/>Em recente divulga\u00e7\u00e3o, Juiz de Fora est\u00e1 em 43\u00ba lugar entre as cem melhores cidades para investimentos, segundo pesquisa publicada pela revista \u201cExame\u201d. A grande S\u00e3o Paulo continua liderando. O planejamento estrat\u00e9gico tornou-se fundamental para capta\u00e7\u00e3o de novos projetos.<\/p>\n<p style=\"text-align: center;\"><span class=\"h4\">\u201cFake News\u201d<\/span><br \/>O Facebook vai contratar cerca de mil pessoas no mundo afora para monitorar e (tentar impedir a circula\u00e7\u00e3o de fake news no ano que vem, quando, por exemplo, Brasil, M\u00e9xico e Col\u00f4mbia v\u00e3o \u00e0s urnas em disputas presidenciais. A iniciativa faz parte de uma estrat\u00e9gia global do Facebook, aperfei\u00e7oada ap\u00f3s as elei\u00e7\u00f5es presidenciais dos EUA.<\/p>\n<p style=\"text-align: center;\"><span class=\"h4\">Dica<\/span><br \/>O Mr. Tugas \u00e9 um sucesso s\u00f3. No dia 28, Hugo Siqueira recebe o \u2018chef\u2019 Thiago Caiafa para mais uma edi\u00e7\u00e3o do \u2018Workshop\u2019 de pizza e carnes, com direito a degusta\u00e7\u00e3o e harmoniza\u00e7\u00e3o.<\/p>\n<p style=\"text-align: center;\"><span class=\"h4\">Arte Maior<\/span><br \/>O encontro m\u00e1gico da cidade com a sua arte j\u00e1 tem data marcada: 21 de outubro, s\u00e1bado, o Capit\u00f3lio, em Juiz de Fora, vai receber o festival multicultural DiverCidade, com muita m\u00fasica, gastronomia, arte e moda. O p\u00fablico vai ter a oportunidade de se divertir e conhecer um pouco da arte local, das 12h \u00e0s 24h.<\/p>\n<p style=\"text-align: center;\"><span class=\"h4\">Na Redondeza<\/span><br \/>O din\u00e2mico coordenador da Biblioteca Regional Delfina Fonseca Lima, em Benfica, Cristiano Fernandes marcou presen\u00e7a na Semana de Leitura em Matias Barbosa, onde contou hist\u00f3rias para 420 crian\u00e7as.<\/p>\n<p style=\"text-align: center;\"><span class=\"h4\">Cifras<\/span><br \/>Gustavo Franco lan\u00e7ar\u00e1, em novembro, um novo livro. Em \u201cA moeda e a lei\u201d (Zahar), Franco procura entender como a hist\u00f3ria monet\u00e1ria se traduz nas leis. Para tanto, revisita o percurso das institui\u00e7\u00f5es monet\u00e1rias brasileiras nos \u00faltimos 80 anos e analisa grandes acontecimentos da hist\u00f3ria econ\u00f4mica do Brasil, como os padr\u00f5es monet\u00e1rios, os congelamentos e a hiperinfla\u00e7\u00e3o.<\/p>\n<p style=\"text-align: center;\"><span class=\"h3\">Social<\/span><br \/>Em sua segunda edi\u00e7\u00e3o, a artista pl\u00e1stica Nequitz Miguel usou as paredes do Excalibur para a exposi\u00e7\u00e3o de seus quadros com o tema \u201cDeixa a onda me levar\u201d. Em viagem a Boston, a artista entregou a este colunista como curador, a miss\u00e3o de receber os convidados. As fotos registram.<\/p>\n<p style=\"text-align: center;\"><img decoding=\"async\" class=\" size-full wp-image-83321\" src=\"http:\/\/diarioregionaljf.com.br\/wp-content\/uploads\/2017\/10\/diario-int-20406-1.JPG\" alt=\"FOTOA.JPG\" width=\"680\" style=\"display: block; margin-left: auto; margin-right: auto;\" srcset=\"https:\/\/diarioregionaldigital.com.br\/wp-content\/uploads\/2017\/10\/diario-int-20406-1.JPG 680w, https:\/\/diarioregionaldigital.com.br\/wp-content\/uploads\/2017\/10\/diario-int-20406-1-300x199.jpg 300w, https:\/\/diarioregionaldigital.com.br\/wp-content\/uploads\/2017\/10\/diario-int-20406-1-360x238.jpg 360w\" sizes=\"(max-width: 680px) 100vw, 680px\" \/>Rodrigo Franco, Patr\u00edcia Neumann, Eduardo Gomes e Sarah Reis<\/p>\n<p style=\"text-align: center;\"><img decoding=\"async\" class=\" size-full wp-image-83322\" src=\"http:\/\/diarioregionaljf.com.br\/wp-content\/uploads\/2017\/10\/diario-int-20406-2.JPG\" alt=\"FOTOB.JPG\" width=\"680\" style=\"display: block; margin-left: auto; margin-right: auto;\" srcset=\"https:\/\/diarioregionaldigital.com.br\/wp-content\/uploads\/2017\/10\/diario-int-20406-2.JPG 680w, https:\/\/diarioregionaldigital.com.br\/wp-content\/uploads\/2017\/10\/diario-int-20406-2-300x199.jpg 300w, https:\/\/diarioregionaldigital.com.br\/wp-content\/uploads\/2017\/10\/diario-int-20406-2-360x238.jpg 360w\" sizes=\"(max-width: 680px) 100vw, 680px\" \/>Marcelo Esp\u00edndola, Raquel Teixeira, Iara Sousa e Rodrigo Nuccini<\/p>\n<p style=\"text-align: center;\"><img decoding=\"async\" class=\" size-full wp-image-83323\" src=\"http:\/\/diarioregionaljf.com.br\/wp-content\/uploads\/2017\/10\/diario-int-20406-3.JPG\" alt=\"FOTOC.JPG\" width=\"680\" style=\"display: block; margin-left: auto; margin-right: auto;\" srcset=\"https:\/\/diarioregionaldigital.com.br\/wp-content\/uploads\/2017\/10\/diario-int-20406-3.JPG 680w, https:\/\/diarioregionaldigital.com.br\/wp-content\/uploads\/2017\/10\/diario-int-20406-3-300x199.jpg 300w, https:\/\/diarioregionaldigital.com.br\/wp-content\/uploads\/2017\/10\/diario-int-20406-3-360x238.jpg 360w\" sizes=\"(max-width: 680px) 100vw, 680px\" \/>Neusa Alvim, Ricardo Barcellos e Francis Noguchi<\/p>\n<p style=\"text-align: center;\"><img decoding=\"async\" class=\" size-full wp-image-83324\" src=\"http:\/\/diarioregionaljf.com.br\/wp-content\/uploads\/2017\/10\/diario-int-20406-4.JPG\" alt=\"FOTOD.JPG\" width=\"680\" style=\"display: block; margin-left: auto; margin-right: auto;\" srcset=\"https:\/\/diarioregionaldigital.com.br\/wp-content\/uploads\/2017\/10\/diario-int-20406-4.JPG 680w, https:\/\/diarioregionaldigital.com.br\/wp-content\/uploads\/2017\/10\/diario-int-20406-4-300x199.jpg 300w, https:\/\/diarioregionaldigital.com.br\/wp-content\/uploads\/2017\/10\/diario-int-20406-4-360x238.jpg 360w\" sizes=\"(max-width: 680px) 100vw, 680px\" \/>Edna Fattori e Victor Teixeira<\/p>\n<p style=\"text-align: center;\"><img decoding=\"async\" class=\" size-full wp-image-83325\" src=\"http:\/\/diarioregionaljf.com.br\/wp-content\/uploads\/2017\/10\/diario-int-20406-5.JPG\" alt=\"FOTOE.JPG\" width=\"680\" style=\"display: block; margin-left: auto; margin-right: auto;\" srcset=\"https:\/\/diarioregionaldigital.com.br\/wp-content\/uploads\/2017\/10\/diario-int-20406-5.JPG 680w, https:\/\/diarioregionaldigital.com.br\/wp-content\/uploads\/2017\/10\/diario-int-20406-5-300x199.jpg 300w, https:\/\/diarioregionaldigital.com.br\/wp-content\/uploads\/2017\/10\/diario-int-20406-5-360x238.jpg 360w\" sizes=\"(max-width: 680px) 100vw, 680px\" \/>Maria Aparecida Lacerda, Marcelo Esp\u00edndola e Neuza Marsicano<\/p>\n<p style=\"text-align: center;\"><img decoding=\"async\" class=\" size-full wp-image-83326\" src=\"http:\/\/diarioregionaljf.com.br\/wp-content\/uploads\/2017\/10\/diario-int-20406-6.JPG\" alt=\"FOTOF.JPG\" width=\"680\" style=\"display: block; margin-left: auto; margin-right: auto;\" srcset=\"https:\/\/diarioregionaldigital.com.br\/wp-content\/uploads\/2017\/10\/diario-int-20406-6.JPG 680w, https:\/\/diarioregionaldigital.com.br\/wp-content\/uploads\/2017\/10\/diario-int-20406-6-300x199.jpg 300w, https:\/\/diarioregionaldigital.com.br\/wp-content\/uploads\/2017\/10\/diario-int-20406-6-360x238.jpg 360w\" sizes=\"(max-width: 680px) 100vw, 680px\" \/>Edvania P\u00e1ssaros<\/p>\n<p style=\"text-align: center;\"><img decoding=\"async\" class=\" size-full wp-image-83327\" src=\"http:\/\/diarioregionaljf.com.br\/wp-content\/uploads\/2017\/10\/diario-int-20406-7.JPG\" alt=\"FOTOG.JPG\" width=\"680\" style=\"display: block; margin-left: auto; margin-right: auto;\" srcset=\"https:\/\/diarioregionaldigital.com.br\/wp-content\/uploads\/2017\/10\/diario-int-20406-7.JPG 680w, https:\/\/diarioregionaldigital.com.br\/wp-content\/uploads\/2017\/10\/diario-int-20406-7-300x199.jpg 300w, https:\/\/diarioregionaldigital.com.br\/wp-content\/uploads\/2017\/10\/diario-int-20406-7-360x238.jpg 360w\" sizes=\"(max-width: 680px) 100vw, 680px\" \/>Gabriela Monteiro<\/p>\n<p class=\"h3\" style=\"text-align: center;\">Flis<\/p>\n<p style=\"text-align: justify;\">A Flis &#8211; Feira Liter\u00e1ria Soberano, promovida pelo Col\u00e9gio Soberano em Cataguases, foi um sucesso. O evento contou com o autor do livro Viagem ao Polo Norte, Dr. Mauro Cruz, que autografou exemplares e recebeu homenagens dos alunos que estudaram e trabalharam can\u00e7\u00f5es e desenhos com temas do livro.<\/p>\n<p style=\"text-align: center;\"><img decoding=\"async\" class=\" size-full wp-image-83328\" src=\"http:\/\/diarioregionaljf.com.br\/wp-content\/uploads\/2017\/10\/diario-int-20406-8.jpg\" alt=\"FOTOAA.jpg\" width=\"680\" style=\"display: block; margin-left: auto; margin-right: auto;\" srcset=\"https:\/\/diarioregionaldigital.com.br\/wp-content\/uploads\/2017\/10\/diario-int-20406-8.jpg 680w, https:\/\/diarioregionaldigital.com.br\/wp-content\/uploads\/2017\/10\/diario-int-20406-8-300x170.jpg 300w, https:\/\/diarioregionaldigital.com.br\/wp-content\/uploads\/2017\/10\/diario-int-20406-8-360x204.jpg 360w\" sizes=\"(max-width: 680px) 100vw, 680px\" \/>Em Cataguases, H\u00e9lvio Cruz, Milton Miranda, F\u00e1bio Castro, Mauro Cruz, Keller Cruz, Maria Thereza Werneck, Vera Costa e \u00c9rica Jacques<\/p>\n<p class=\"h4\" style=\"text-align: center;\">FOTOSS\u00cdNTESE<\/p>\n<p>Para refor\u00e7ar o JF V\u00f4lei, o meio de rede R\u00f4mulo, 22 anos, est\u00e1 de volta e foi emprestado pelo Sada Cruzeiro. O retorno do central de 2m, partiu de uma decis\u00e3o bilateral, pois ele se destacou na Superliga 2015\/2016, na cidade.<\/p>\n<p>Din\u00e2mico e competente, o cardiologista Gustavo Ramalho participou do Emerging Markets Intervention Cardiology Summet, em Mil\u00e3o.<\/p>\n<p>O Museu Mariano Proc\u00f3pio est\u00e1 expondo pe\u00e7as do acervo da casa com o tema Esplendor das Formas.<\/p>\n<p>O espa\u00e7o Reitoria da UFJF est\u00e1 expondo coletiva com 24 artistas visuais e dez escritores que desenvolveram o tema Embate ao Fascismo &#8211; 80 anos de Guernica, para homenagear Pablo Picasso.<\/p>\n<p>Ser\u00e1 no dia 23 de outubro, em Campinas (SP), a partida entre JF Imperadores e Ponte Preta Gorilas (SP). A Liga Nacional de Futebol Americano \u00e9 a nova sensa\u00e7\u00e3o do esporte em Juiz de Fora.<\/p>\n<p>No JF Sabor, faz sucesso no Salvaterra Bar e Restaurante em suas duas unidades, na BR e no Alto dos Passos, o prato carioca do brejo, com picanha su\u00edna ao molho de cerveja puro malte, tropeiro carioca, pur\u00ea de mandioquinha com cebolas caramelizadas e arroz branco. Nas beiradas, past\u00e9is de til\u00e1pia com cream cheese.<\/p>\n<p>Ser\u00e1 na Pra\u00e7a C\u00e9u, na zona Norte, a grava\u00e7\u00e3o do DVD da cantora Carol Serdeira, organizado por Beebop Produ\u00e7\u00f5es. Ser\u00e1 \u00e0s 20h.<\/p>\n<p>Em estilo \u00fanico, a loja Martina, na rua Braz Bernardino, n\u00ba 195, est\u00e1 com novidades elegantes na nova linha masculina da grife Dudalina. Cal\u00e7as e camisas de primeira linha.<\/p>\n<p>Para refletir: Mudan\u00e7a acontece por duas raz\u00f5es: ou voc\u00ea aprendeu o suficiente e quer mudar, ou voc\u00ea sofreu o suficiente e tem que mudar. Arquive e tenha um bom dia.<\/p>\n","protected":false},"excerpt":{"rendered":"<p>IbopeEm recente divulga\u00e7\u00e3o, Juiz de Fora est\u00e1 em 43\u00ba lugar entre as cem melhores cidades para investimentos, segundo pesquisa publicada pela revista \u201cExame\u201d. A grande S\u00e3o Paulo continua liderando. O planejamento estrat\u00e9gico tornou-se fundamental para capta\u00e7\u00e3o de novos projetos. \u201cFake News\u201dO Facebook vai contratar cerca de mil pessoas no mundo afora para monitorar e (tentar [&hellip;]<\/p>\n","protected":false},"author":96,"featured_media":83320,"comment_status":"closed","ping_status":"closed","sticky":false,"template":"","format":"standard","meta":{"footnotes":""},"categories":[264],"tags":[],"class_list":["post-83329","post","type-post","status-publish","format-standard","has-post-thumbnail","hentry","category-eduardo-gomes"],"_links":{"self":[{"href":"https:\/\/diarioregionaldigital.com.br\/index.php?rest_route=\/wp\/v2\/posts\/83329","targetHints":{"allow":["GET"]}}],"collection":[{"href":"https:\/\/diarioregionaldigital.com.br\/index.php?rest_route=\/wp\/v2\/posts"}],"about":[{"href":"https:\/\/diarioregionaldigital.com.br\/index.php?rest_route=\/wp\/v2\/types\/post"}],"author":[{"embeddable":true,"href":"https:\/\/diarioregionaldigital.com.br\/index.php?rest_route=\/wp\/v2\/users\/96"}],"replies":[{"embeddable":true,"href":"https:\/\/diarioregionaldigital.com.br\/index.php?rest_route=%2Fwp%2Fv2%2Fcomments&post=83329"}],"version-history":[{"count":0,"href":"https:\/\/diarioregionaldigital.com.br\/index.php?rest_route=\/wp\/v2\/posts\/83329\/revisions"}],"wp:featuredmedia":[{"embeddable":true,"href":"https:\/\/diarioregionaldigital.com.br\/index.php?rest_route=\/wp\/v2\/media\/83320"}],"wp:attachment":[{"href":"https:\/\/diarioregionaldigital.com.br\/index.php?rest_route=%2Fwp%2Fv2%2Fmedia&parent=83329"}],"wp:term":[{"taxonomy":"category","embeddable":true,"href":"https:\/\/diarioregionaldigital.com.br\/index.php?rest_route=%2Fwp%2Fv2%2Fcategories&post=83329"},{"taxonomy":"post_tag","embeddable":true,"href":"https:\/\/diarioregionaldigital.com.br\/index.php?rest_route=%2Fwp%2Fv2%2Ftags&post=83329"}],"curies":[{"name":"wp","href":"https:\/\/api.w.org\/{rel}","templated":true}]}}