{"id":83205,"date":"2017-10-16T17:15:10","date_gmt":"2017-10-16T19:15:10","guid":{"rendered":"http:\/\/diarioregionaljf.com.br\/2017\/10\/16\/campanha-natal-sem-fome-e-retomada-depois-de-10-anos\/"},"modified":"2017-10-16T17:15:10","modified_gmt":"2017-10-16T19:15:10","slug":"campanha-natal-sem-fome-e-retomada-depois-de-10-anos","status":"publish","type":"post","link":"https:\/\/diarioregionaldigital.com.br\/?p=83205","title":{"rendered":"Campanha Natal sem Fome \u00e9 retomada depois de 10 anos"},"content":{"rendered":"<p>A campanha Natal sem Fome foi relan\u00e7ada no \u00faltimo domingo, 15, dez anos depois de sua \u00faltima edi\u00e7\u00e3o. A tradicional campanha, promovida pela organiza\u00e7\u00e3o n\u00e3o governamental (ONG) A\u00e7\u00e3o da Cidadania e criada em 1993 pelo soci\u00f3logo Herbert de Souza, o Betinho, tinha sido encerrada h\u00e1 10 anos devido \u00e0 redu\u00e7\u00e3o da mis\u00e9ria no pa\u00eds.<\/p>\n<p>Segundo o presidente do Conselho da A\u00e7\u00e3o da Cidadania e filho de Betinho, Daniel de Souza, a a\u00e7\u00e3o foi retomada para que,o Brasil n\u00e3o retorne ao Mapa da Fome das Na\u00e7\u00f5es Unidas, no qual o pa\u00eds deixou de figurar em 2014. O mapa \u00e9 um levantamento da Organiza\u00e7\u00e3o das Na\u00e7\u00f5es Unidas (ONU) que mostra onde vivem os milh\u00f5es de pessoas que ainda passam fome no mundo.<\/p>\n<p>Em julho, um relat\u00f3rio elaborado por cerca de 40 entidades da sociedade civil sobre o desempenho do Brasil no cumprimento dos 17 objetivos de desenvolvimento sustent\u00e1vel da ONU trouxe um alerta quanto ao risco de o pa\u00eds voltar a figurar no pr\u00f3ximo Mapa da Fome.<\/p>\n<p>Daniel de Souza disse que a campanha \u00e9 necess\u00e1ria por causa do aumento da pobreza e da vulnerabilidade social, que s\u00e3o o resultado da crise econ\u00f4mica que vem atingindo o pa\u00eds nos \u00faltimos anos. Ele ressaltou que todo mundo est\u00e1 sendo convocado para uma campanha que se pensava que nunca mais precisaria ser feita. &#8220;A gente se alegra com a solidariedade, com a disposi\u00e7\u00e3o de todo mundo de participar, de arrega\u00e7ar as mangas e de lutar contra a fome, mas, ao mesmo tempo, tem um gosto muito amargo porque achou que essa batalha a gente j\u00e1 tinha vencido\u201d, afirmou.<\/p>\n<p>A campanha inclui pe\u00e7as publicit\u00e1rias na televis\u00e3o, sites, redes sociais e outdoors. Iinfluenciadores digitais e artistas tamb\u00e9m est\u00e3o se engajando no projeto.<\/p>\n<p>A arrecada\u00e7\u00e3o de alimentos j\u00e1 come\u00e7a hoje. Quem quiser, pode alimentos n\u00e3o perec\u00edveis aos postos de coleta, cuja lista est\u00e1 dispon\u00edvel no site da campanha. A entrega dos alimentos, que ser\u00e3o arrecadados em v\u00e1rios estados, ser\u00e1 feita no dia 16 de dezembro aos que necessitam, por meio dos pontos de coleta de diversos parceiros e dos comit\u00eas da A\u00e7\u00e3o da Cidadania.<\/p>\n<p>Por causa da chuva na cidade, o evento de in\u00edcio da campanha, que incluiria uma mesa de um quil\u00f4metro, com alimentos, no Aterro do Flamengo, no Rio de Janeiro, foi adiado para o pr\u00f3ximo domingo, 22.<\/p>\n<hr \/>\n<p>&nbsp;Fonte: Ag\u00eancia Brasil<\/p>\n","protected":false},"excerpt":{"rendered":"<p>A campanha Natal sem Fome foi relan\u00e7ada no \u00faltimo domingo, 15, dez anos depois de sua \u00faltima edi\u00e7\u00e3o. A tradicional campanha, promovida pela organiza\u00e7\u00e3o n\u00e3o governamental (ONG) A\u00e7\u00e3o da Cidadania e criada em 1993 pelo soci\u00f3logo Herbert de Souza, o Betinho, tinha sido encerrada h\u00e1 10 anos devido \u00e0 redu\u00e7\u00e3o da mis\u00e9ria no pa\u00eds. Segundo [&hellip;]<\/p>\n","protected":false},"author":96,"featured_media":83204,"comment_status":"closed","ping_status":"closed","sticky":false,"template":"","format":"standard","meta":{"footnotes":""},"categories":[302],"tags":[],"class_list":["post-83205","post","type-post","status-publish","format-standard","has-post-thumbnail","hentry","category-brasil-mundo"],"_links":{"self":[{"href":"https:\/\/diarioregionaldigital.com.br\/index.php?rest_route=\/wp\/v2\/posts\/83205","targetHints":{"allow":["GET"]}}],"collection":[{"href":"https:\/\/diarioregionaldigital.com.br\/index.php?rest_route=\/wp\/v2\/posts"}],"about":[{"href":"https:\/\/diarioregionaldigital.com.br\/index.php?rest_route=\/wp\/v2\/types\/post"}],"author":[{"embeddable":true,"href":"https:\/\/diarioregionaldigital.com.br\/index.php?rest_route=\/wp\/v2\/users\/96"}],"replies":[{"embeddable":true,"href":"https:\/\/diarioregionaldigital.com.br\/index.php?rest_route=%2Fwp%2Fv2%2Fcomments&post=83205"}],"version-history":[{"count":0,"href":"https:\/\/diarioregionaldigital.com.br\/index.php?rest_route=\/wp\/v2\/posts\/83205\/revisions"}],"wp:featuredmedia":[{"embeddable":true,"href":"https:\/\/diarioregionaldigital.com.br\/index.php?rest_route=\/wp\/v2\/media\/83204"}],"wp:attachment":[{"href":"https:\/\/diarioregionaldigital.com.br\/index.php?rest_route=%2Fwp%2Fv2%2Fmedia&parent=83205"}],"wp:term":[{"taxonomy":"category","embeddable":true,"href":"https:\/\/diarioregionaldigital.com.br\/index.php?rest_route=%2Fwp%2Fv2%2Fcategories&post=83205"},{"taxonomy":"post_tag","embeddable":true,"href":"https:\/\/diarioregionaldigital.com.br\/index.php?rest_route=%2Fwp%2Fv2%2Ftags&post=83205"}],"curies":[{"name":"wp","href":"https:\/\/api.w.org\/{rel}","templated":true}]}}