{"id":83203,"date":"2017-10-16T17:11:55","date_gmt":"2017-10-16T19:11:55","guid":{"rendered":"http:\/\/diarioregionaljf.com.br\/2017\/10\/16\/curso-de-nocoes-de-ecologia-e-promovido-no-parque-da-lajinha\/"},"modified":"2017-10-16T17:11:55","modified_gmt":"2017-10-16T19:11:55","slug":"curso-de-nocoes-de-ecologia-e-promovido-no-parque-da-lajinha","status":"publish","type":"post","link":"https:\/\/diarioregionaldigital.com.br\/?p=83203","title":{"rendered":"Curso de No\u00e7\u00f5es de Ecologia \u00e9 promovido no Parque da Lajinha"},"content":{"rendered":"<p>Est\u00e3o abertas as inscri\u00e7\u00f5es para o \u201c2\u00ba Curso de No\u00e7\u00f5es de Ecologia e Aspectos Multidisciplinares da Ci\u00eancia Ambiental\u201d, que ser\u00e1 realizado entre 6 e 10 de novembro, das 13h30 \u00e0s 16h30, no Parque da Lajinha. A iniciativa \u00e9 promovida pelo Instituto Estadual de Florestas (IEF) e pelo Projeto Replantar. O p\u00fablico-alvo da a\u00e7\u00e3o s\u00e3o profissionais da \u00e1rea, gestores municipais, estudantes universit\u00e1rios e demais grupos interessados.<\/p>\n<p>As vagas s\u00e3o limitadas, e as inscri\u00e7\u00f5es poder\u00e3o ser realizadas at\u00e9 31 de outubro, atrav\u00e9s do e-mail: renata.meirelles@meioambiente.mg.gov.br. As aulas acontecer\u00e3o no audit\u00f3rio do Centro de Educa\u00e7\u00e3o Ambiental (Cedam), no Parque da Lajinha, situado na Avenida Paulo Japiassu Coelho, no Bairro Teixeiras. O curso tem o apoio da Secretaria de Meio Ambiente (SMA) da Prefeitura de Juiz de Fora (PJF).<\/p>\n<p><strong>O parque<\/strong><\/p>\n<p>O Parque da Lajinha possui aproximadamente 86 hectares, em sua maioria com vegeta\u00e7\u00e3o nativa, sendo 10% desta \u00e1rea de acesso ao p\u00fablico. O local conta com coreto, bonde, quiosque, viveiro de plantas, lago, cachoeira, trilhas e jardins, que comp\u00f5em a diversidade de atrativos naturais para o lazer ativo e o contemplativo.<\/p>\n<hr \/>\n<p>&nbsp;Fonte: Assessoria<\/p>\n","protected":false},"excerpt":{"rendered":"<p>Est\u00e3o abertas as inscri\u00e7\u00f5es para o \u201c2\u00ba Curso de No\u00e7\u00f5es de Ecologia e Aspectos Multidisciplinares da Ci\u00eancia Ambiental\u201d, que ser\u00e1 realizado entre 6 e 10 de novembro, das 13h30 \u00e0s 16h30, no Parque da Lajinha. A iniciativa \u00e9 promovida pelo Instituto Estadual de Florestas (IEF) e pelo Projeto Replantar. O p\u00fablico-alvo da a\u00e7\u00e3o s\u00e3o profissionais [&hellip;]<\/p>\n","protected":false},"author":96,"featured_media":83202,"comment_status":"closed","ping_status":"closed","sticky":false,"template":"","format":"standard","meta":{"footnotes":""},"categories":[253],"tags":[],"class_list":["post-83203","post","type-post","status-publish","format-standard","has-post-thumbnail","hentry","category-cidade"],"_links":{"self":[{"href":"https:\/\/diarioregionaldigital.com.br\/index.php?rest_route=\/wp\/v2\/posts\/83203","targetHints":{"allow":["GET"]}}],"collection":[{"href":"https:\/\/diarioregionaldigital.com.br\/index.php?rest_route=\/wp\/v2\/posts"}],"about":[{"href":"https:\/\/diarioregionaldigital.com.br\/index.php?rest_route=\/wp\/v2\/types\/post"}],"author":[{"embeddable":true,"href":"https:\/\/diarioregionaldigital.com.br\/index.php?rest_route=\/wp\/v2\/users\/96"}],"replies":[{"embeddable":true,"href":"https:\/\/diarioregionaldigital.com.br\/index.php?rest_route=%2Fwp%2Fv2%2Fcomments&post=83203"}],"version-history":[{"count":0,"href":"https:\/\/diarioregionaldigital.com.br\/index.php?rest_route=\/wp\/v2\/posts\/83203\/revisions"}],"wp:featuredmedia":[{"embeddable":true,"href":"https:\/\/diarioregionaldigital.com.br\/index.php?rest_route=\/wp\/v2\/media\/83202"}],"wp:attachment":[{"href":"https:\/\/diarioregionaldigital.com.br\/index.php?rest_route=%2Fwp%2Fv2%2Fmedia&parent=83203"}],"wp:term":[{"taxonomy":"category","embeddable":true,"href":"https:\/\/diarioregionaldigital.com.br\/index.php?rest_route=%2Fwp%2Fv2%2Fcategories&post=83203"},{"taxonomy":"post_tag","embeddable":true,"href":"https:\/\/diarioregionaldigital.com.br\/index.php?rest_route=%2Fwp%2Fv2%2Ftags&post=83203"}],"curies":[{"name":"wp","href":"https:\/\/api.w.org\/{rel}","templated":true}]}}