{"id":83172,"date":"2017-10-14T16:13:16","date_gmt":"2017-10-14T19:13:16","guid":{"rendered":"http:\/\/diarioregionaljf.com.br\/2017\/10\/14\/caixa-suspende-sistema-de-pagamentos-de-abono-rendimentos-e-cotas-ate-domingo\/"},"modified":"2017-10-14T16:13:16","modified_gmt":"2017-10-14T19:13:16","slug":"caixa-suspende-sistema-de-pagamentos-de-abono-rendimentos-e-cotas-ate-domingo","status":"publish","type":"post","link":"https:\/\/diarioregionaldigital.com.br\/?p=83172","title":{"rendered":"Caixa suspende sistema de pagamentos de abono, rendimentos e cotas at\u00e9 domingo"},"content":{"rendered":"<p>Os pagamentos do abono salarial, rendimentos e cotas do Programa de Integra\u00e7\u00e3o Social (PIS) est\u00e3o suspensos em todos os canais da Caixa Econ\u00f4mica Federal at\u00e9 o pr\u00f3ximo domingo (15). A institui\u00e7\u00e3o est\u00e1 preparando os sistemas operacionais para pagamento das cotas do PIS por idade e aposentadoria, com calend\u00e1rio a ser iniciado em 19 de outubro.<\/p>\n<p>&#8220;A Caixa est\u00e1 se preparando da melhor maneira, na estrat\u00e9gia de atendimento e na parte operacional e tecnol\u00f3gica, para que os benefici\u00e1rios possam ter agilidade ao procurar os canais de saque&#8221;, informou o superintendente nacional de Benef\u00edcios Sociais da Caixa Econ\u00f4mica Federal, Rog\u00e9rio Saab.<\/p>\n<p>A primeira fase do calend\u00e1rio de pagamento das cotas do PIS \u00e9 direcionada a maiores de 70 anos. Para titulares de conta corrente ou poupan\u00e7a individual na Caixa, a institui\u00e7\u00e3o vai liberar o saque na ter\u00e7a-feira (17). Os demais benefici\u00e1rios seguir\u00e3o o calend\u00e1rio que se inicia no dia 19.<\/p>\n<p><span style=\"font-size: 18pt;\">Fundos<\/span><\/p>\n<p>A Caixa Econ\u00f4mica Federal reiterou que ser\u00e3o disponibilizados R$ 6,7 bilh\u00f5es para 3,6 milh\u00f5es de benefici\u00e1rios com mais de 70 anos. O valor representa 60% do total de R$ 11,2 bilh\u00f5es dispon\u00edvel na a\u00e7\u00e3o especial de pagamento das cotas do PIS.<\/p>\n<p>Os fundos do Programa de Integra\u00e7\u00e3o Social (PIS) e do Programa de Forma\u00e7\u00e3o do Patrim\u00f4nio do Servidor P\u00fablico (Pasep) foram criados em 1971 e funcionaram, por quase 20 anos, como uma poupan\u00e7a particular. A cada ano, o trabalhador tinha direito a receber o rendimento das cotas e podia sacar todo o cr\u00e9dito em caso de aposentadoria, doen\u00e7a grave ou ao completar 70 anos.<\/p>\n<p>Os fundos vigoraram at\u00e9 4 de outubro de 1988. Com a promulga\u00e7\u00e3o da Constitui\u00e7\u00e3o, a arrecada\u00e7\u00e3o do PIS\/Pasep passou a ser destinada ao Fundo de Amparo ao Trabalhador (FAT), que paga o seguro-desemprego e o abono salarial, e para o Banco Nacional de Desenvolvimento Econ\u00f4mico e Social (BNDES), que empresta a empresas do setor produtivo. O PIS \u00e9 destinado aos trabalhadores da iniciativa privada. O Pasep, aos servidores p\u00fablicos.<br \/>Retirada<\/p>\n<p>Na Caixa Econ\u00f4mica, os cotistas do PIS poder\u00e3o fazer a retirada de tr\u00eas maneiras. Os pagamentos de at\u00e9 R$ 1,5 mil ser\u00e3o feitos nos caixas eletr\u00f4nicos, digitando a Senha Cidad\u00e3o, sem a necessidade de cart\u00e3o banc\u00e1rio. Quem n\u00e3o tiver a senha pode obt\u00ea-la no seguinte endere\u00e7o, bastando clicar em \u201cesqueci a senha\u201d e preencher os dados.<\/p>\n<p>Os saques de at\u00e9 R$ 3 mil podem ser feitos nos caixas eletr\u00f4nicos, mas o cliente precisar\u00e1 usar o Cart\u00e3o Cidad\u00e3o e digitar a Senha Cidad\u00e3o. Nas lot\u00e9ricas e nos correspondentes banc\u00e1rios, o cotista poder\u00e1 retirar o dinheiro, levando o Cart\u00e3o Cidad\u00e3o, a Senha Cidad\u00e3o e algum documento oficial de identifica\u00e7\u00e3o com foto. Acima desse valor, o benefici\u00e1rio dever\u00e1 ir a alguma ag\u00eancia da Caixa levando documento oficial com foto.<\/p>\n<p><span style=\"font-size: 18pt;\">Banco do Brasil<\/span><\/p>\n<p>Em rela\u00e7\u00e3o aos saques do Pasep, os cotistas com saldo de at\u00e9 R$ 2,5 mil sem conta no Banco do Brasil poder\u00e3o pedir transfer\u00eancia para qualquer conta em seu nome em outra institui\u00e7\u00e3o financeira na p\u00e1gina do banco na internet ou nos terminais de autoatendimento.<\/p>\n<p>N\u00e3o correntistas com saldo acima desse valor ou herdeiros de cotistas falecidos dever\u00e3o ir \u00e0s ag\u00eancias.<\/p>\n<p>A assessoria do Banco do Brasil informou que n\u00e3o h\u00e1 problemas para pagamento do abono salarial relativo ao Pasep.<\/p>\n<p>Fonte: Ag\u00eancia Brasil<\/p>\n","protected":false},"excerpt":{"rendered":"<p>Os pagamentos do abono salarial, rendimentos e cotas do Programa de Integra\u00e7\u00e3o Social (PIS) est\u00e3o suspensos em todos os canais da Caixa Econ\u00f4mica Federal at\u00e9 o pr\u00f3ximo domingo (15). A institui\u00e7\u00e3o est\u00e1 preparando os sistemas operacionais para pagamento das cotas do PIS por idade e aposentadoria, com calend\u00e1rio a ser iniciado em 19 de outubro. [&hellip;]<\/p>\n","protected":false},"author":96,"featured_media":83171,"comment_status":"closed","ping_status":"closed","sticky":false,"template":"","format":"standard","meta":{"footnotes":""},"categories":[261],"tags":[],"class_list":["post-83172","post","type-post","status-publish","format-standard","has-post-thumbnail","hentry","category-economia"],"_links":{"self":[{"href":"https:\/\/diarioregionaldigital.com.br\/index.php?rest_route=\/wp\/v2\/posts\/83172","targetHints":{"allow":["GET"]}}],"collection":[{"href":"https:\/\/diarioregionaldigital.com.br\/index.php?rest_route=\/wp\/v2\/posts"}],"about":[{"href":"https:\/\/diarioregionaldigital.com.br\/index.php?rest_route=\/wp\/v2\/types\/post"}],"author":[{"embeddable":true,"href":"https:\/\/diarioregionaldigital.com.br\/index.php?rest_route=\/wp\/v2\/users\/96"}],"replies":[{"embeddable":true,"href":"https:\/\/diarioregionaldigital.com.br\/index.php?rest_route=%2Fwp%2Fv2%2Fcomments&post=83172"}],"version-history":[{"count":0,"href":"https:\/\/diarioregionaldigital.com.br\/index.php?rest_route=\/wp\/v2\/posts\/83172\/revisions"}],"wp:featuredmedia":[{"embeddable":true,"href":"https:\/\/diarioregionaldigital.com.br\/index.php?rest_route=\/wp\/v2\/media\/83171"}],"wp:attachment":[{"href":"https:\/\/diarioregionaldigital.com.br\/index.php?rest_route=%2Fwp%2Fv2%2Fmedia&parent=83172"}],"wp:term":[{"taxonomy":"category","embeddable":true,"href":"https:\/\/diarioregionaldigital.com.br\/index.php?rest_route=%2Fwp%2Fv2%2Fcategories&post=83172"},{"taxonomy":"post_tag","embeddable":true,"href":"https:\/\/diarioregionaldigital.com.br\/index.php?rest_route=%2Fwp%2Fv2%2Ftags&post=83172"}],"curies":[{"name":"wp","href":"https:\/\/api.w.org\/{rel}","templated":true}]}}