{"id":83170,"date":"2017-10-14T16:00:45","date_gmt":"2017-10-14T19:00:45","guid":{"rendered":"http:\/\/diarioregionaljf.com.br\/2017\/10\/14\/decisao-da-justica-do-df-determina-votacao-aberta-no-caso-aecio\/"},"modified":"2017-10-14T16:00:45","modified_gmt":"2017-10-14T19:00:45","slug":"decisao-da-justica-do-df-determina-votacao-aberta-no-caso-aecio","status":"publish","type":"post","link":"https:\/\/diarioregionaldigital.com.br\/?p=83170","title":{"rendered":"Decis\u00e3o da Justi\u00e7a do DF determina vota\u00e7\u00e3o aberta no caso A\u00e9cio"},"content":{"rendered":"<p>Decis\u00e3o liminar da Justi\u00e7a Federal em Bras\u00edlia pro\u00edbe o Senado de fazer vota\u00e7\u00e3o secreta na sess\u00e3o que vai decidir sobre o afastamento ou n\u00e3o e o recolhimento noturno do senador A\u00e9cio Neves (PSDB-MG). A decis\u00e3o do juiz federal M\u00e1rcio Luiz Coelho de Freitas, tomada na noite de ontem (13), veio em resposta a uma a\u00e7\u00e3o popular que pede a vota\u00e7\u00e3o nominal e aberta. A sess\u00e3o do Senado para vota\u00e7\u00e3o do caso est\u00e1 marcada para pr\u00f3xima ter\u00e7a-feira (17).<\/p>\n<p>A a\u00e7\u00e3o popular proposta pelo presidente da Uni\u00e3o Nacional dos Ju\u00edzes Federais (Unajuf), Eduardo Luiz Rocha Cubas, registra que \u201cfoi noticiada a possibilidade de que o Senado poder\u00e1 esconder-se por tr\u00e1s do voto secreto\u201d para decidir sobre o futuro de A\u00e9cio e cita a Constitui\u00e7\u00e3o para embasar que \u201cos pol\u00edticos devem satisfa\u00e7\u00e3o como os ministros do STF [Supremo Tribunal Federal] pela sua atua\u00e7\u00e3o\u201d.<\/p>\n<p>Na decis\u00e3o, o juiz M\u00e1rcio Luiz Coelho de Freitas conclui que \u201ca ado\u00e7\u00e3o de vota\u00e7\u00e3o sigilosa configuraria ato lesivo \u00e0 moralidade administrativa, raz\u00e3o pela qual defiro a liminar para determinar que o Senado Federal se abstenha de adotar sigilo nas vota\u00e7\u00f5es referentes \u00e0 aprecia\u00e7\u00e3o das medidas cautelares aplicadas ao senador A\u00e9cio Neves\u201d.<\/p>\n<p>No final de setembro, a Primeira Turma do Supremo Tribunal Federal (STF) decidiu, por 3 votos a 2, afastar o senador A\u00e9cio Neves do exerc\u00edcio de seu mandato, medida cautelar pedida pela Procuradoria-Geral da Rep\u00fablica no inqu\u00e9rito em que o tucano foi denunciado por corrup\u00e7\u00e3o passiva e obstru\u00e7\u00e3o de Justi\u00e7a, com base nas dela\u00e7\u00f5es premiadas da empresa J&amp;F.<\/p>\n<p>Fonte: Ag\u00eancia Brasil<\/p>\n","protected":false},"excerpt":{"rendered":"<p>Decis\u00e3o liminar da Justi\u00e7a Federal em Bras\u00edlia pro\u00edbe o Senado de fazer vota\u00e7\u00e3o secreta na sess\u00e3o que vai decidir sobre o afastamento ou n\u00e3o e o recolhimento noturno do senador A\u00e9cio Neves (PSDB-MG). A decis\u00e3o do juiz federal M\u00e1rcio Luiz Coelho de Freitas, tomada na noite de ontem (13), veio em resposta a uma a\u00e7\u00e3o [&hellip;]<\/p>\n","protected":false},"author":96,"featured_media":83169,"comment_status":"closed","ping_status":"closed","sticky":false,"template":"","format":"standard","meta":{"footnotes":""},"categories":[254],"tags":[],"class_list":["post-83170","post","type-post","status-publish","format-standard","has-post-thumbnail","hentry","category-politica"],"_links":{"self":[{"href":"https:\/\/diarioregionaldigital.com.br\/index.php?rest_route=\/wp\/v2\/posts\/83170","targetHints":{"allow":["GET"]}}],"collection":[{"href":"https:\/\/diarioregionaldigital.com.br\/index.php?rest_route=\/wp\/v2\/posts"}],"about":[{"href":"https:\/\/diarioregionaldigital.com.br\/index.php?rest_route=\/wp\/v2\/types\/post"}],"author":[{"embeddable":true,"href":"https:\/\/diarioregionaldigital.com.br\/index.php?rest_route=\/wp\/v2\/users\/96"}],"replies":[{"embeddable":true,"href":"https:\/\/diarioregionaldigital.com.br\/index.php?rest_route=%2Fwp%2Fv2%2Fcomments&post=83170"}],"version-history":[{"count":0,"href":"https:\/\/diarioregionaldigital.com.br\/index.php?rest_route=\/wp\/v2\/posts\/83170\/revisions"}],"wp:featuredmedia":[{"embeddable":true,"href":"https:\/\/diarioregionaldigital.com.br\/index.php?rest_route=\/wp\/v2\/media\/83169"}],"wp:attachment":[{"href":"https:\/\/diarioregionaldigital.com.br\/index.php?rest_route=%2Fwp%2Fv2%2Fmedia&parent=83170"}],"wp:term":[{"taxonomy":"category","embeddable":true,"href":"https:\/\/diarioregionaldigital.com.br\/index.php?rest_route=%2Fwp%2Fv2%2Fcategories&post=83170"},{"taxonomy":"post_tag","embeddable":true,"href":"https:\/\/diarioregionaldigital.com.br\/index.php?rest_route=%2Fwp%2Fv2%2Ftags&post=83170"}],"curies":[{"name":"wp","href":"https:\/\/api.w.org\/{rel}","templated":true}]}}