{"id":83166,"date":"2017-10-14T15:22:20","date_gmt":"2017-10-14T18:22:20","guid":{"rendered":"http:\/\/diarioregionaljf.com.br\/2017\/10\/14\/settra-altera-transito-para-eventos-no-domingo-e-na-segunda-feira\/"},"modified":"2017-10-14T15:22:20","modified_gmt":"2017-10-14T18:22:20","slug":"settra-altera-transito-para-eventos-no-domingo-e-na-segunda-feira","status":"publish","type":"post","link":"https:\/\/diarioregionaldigital.com.br\/?p=83166","title":{"rendered":"Settra altera tr\u00e2nsito para eventos no domingo e na segunda-feira"},"content":{"rendered":"<p>A Secretaria de Transporte e Tr\u00e2nsito (Settra) da Prefeitura de Juiz de Fora (PJF) alterar\u00e1 o tr\u00e2nsito neste domingo, 15, na regi\u00e3o central, para realiza\u00e7\u00e3o de mais uma edi\u00e7\u00e3o do \u201cBem Comum Lazer\u201d, e nos bairros Granbery, S\u00e3o Mateus e Teixeiras, durante eventos religiosos. Na segunda-feira, 16, as modifica\u00e7\u00f5es acontecer\u00e3o no Bairu, por conta das festividades de Santa Edwiges.<\/p>\n<p>Durante o \u201cBem Comum\u201d, entre 6 e 13 horas, a pista central da Avenida Rio Branco, no trecho entre Rua Doutor Romualdo e Avenida Doutor Jos\u00e9 Proc\u00f3pio Teixeira, ficar\u00e1 interditada para o tr\u00e2nsito de ve\u00edculos.<\/p>\n<p>Devido a essa modifica\u00e7\u00e3o, os \u00f4nibus que circulam no sentido Manoel Hon\u00f3rio\/Bom Pastor deixar\u00e3o a faixa central no cruzamento com a Avenida Presidente Itamar Franco, devendo utilizar a lateral. J\u00e1 no sentido Bom Pastor\/Manoel Hon\u00f3rio, os \u00f4nibus dever\u00e3o retornar \u00e0 pista central no cruzamento com a Rua Doutor Romualdo. Os pontos de parada na pista lateral ser\u00e3o em frente aos atuais da pista central.<\/p>\n<p>Entre os bairros S\u00e3o Mateus e Granbery a Settra far\u00e1 interdi\u00e7\u00e3o parcial das 8 as 10 horas, no trajeto da \u201cCaminhada do Ter\u00e7o dos Homens\u201d. O cortejo sair\u00e1 da Igreja Nossa Senhora do Ros\u00e1rio, na Rua Santos Dumont, 215, seguindo pelas ruas Sampaio e Ant\u00f4nio Carlos, Avenida Bar\u00e3o do Rio Branco (pista lateral, sentido Centro\/ Bom Pastor) e ruas Chanceler Oswaldo Aranha e S\u00e3o Mateus, at\u00e9 a Igreja de S\u00e3o Mateus.<\/p>\n<p>No Bairro Teixeiras tamb\u00e9m haver\u00e1 interrup\u00e7\u00e3o parcial do tr\u00e1fego de ve\u00edculos, durante prociss\u00e3o em honra a S\u00e3o Geraldo Magela. A caminhada religiosa ter\u00e1 in\u00edcio \u00e0s 18 horas, saindo da Igreja S\u00e3o Domingos de Gusm\u00e3o, na Rua Porf\u00edrio Barbosa de Albuquerque, 318, passando pela Rua Jo\u00e3o Moreira da Rocha, Acesso Sul, Rua Jesus Raymundo, Avenida Deusdedith Salgado e Rua Nair Furtado de Souza, at\u00e9 a Igreja Matriz de S\u00e3o Geraldo. A previs\u00e3o \u00e9 de uma hora de dura\u00e7\u00e3o.<\/p>\n<p><span style=\"font-size: 18pt;\">Na segunda-feira<\/span><\/p>\n<p>Na segunda-feira, 16, as altera\u00e7\u00f5es ser\u00e3o no Bairro Bairu, para a festa de Santa Edwiges. Entre 5 e 22 horas haver\u00e1 interdi\u00e7\u00e3o total da Rua Doutor Alberto Vieira Lima, entre as ruas Am\u00e9rico Luz e Irm\u00e3o Martinho. \u00c0s 19 horas ser\u00e1 realizada prociss\u00e3o, com interdi\u00e7\u00e3o parcial das vias no trajeto. O percurso ter\u00e1 in\u00edcio na Par\u00f3quia do Sagrado Cora\u00e7\u00e3o de Jesus, na Rua Doutor Alberto Vieira Lima, esquina com Rua Am\u00e9rico Luz, passando pelas ruas Ribeiro de Abreu, Teodoro Coelho, Irm\u00e3o Martinho e Doutor Alberto Vieira Lima, at\u00e9 a par\u00f3quia. A previs\u00e3o \u00e9 que termine \u00e0s 20 horas.<\/p>\n<p>Fonte: Assessoria \/ PJF<\/p>\n","protected":false},"excerpt":{"rendered":"<p>A Secretaria de Transporte e Tr\u00e2nsito (Settra) da Prefeitura de Juiz de Fora (PJF) alterar\u00e1 o tr\u00e2nsito neste domingo, 15, na regi\u00e3o central, para realiza\u00e7\u00e3o de mais uma edi\u00e7\u00e3o do \u201cBem Comum Lazer\u201d, e nos bairros Granbery, S\u00e3o Mateus e Teixeiras, durante eventos religiosos. Na segunda-feira, 16, as modifica\u00e7\u00f5es acontecer\u00e3o no Bairu, por conta das [&hellip;]<\/p>\n","protected":false},"author":96,"featured_media":83165,"comment_status":"closed","ping_status":"closed","sticky":false,"template":"","format":"standard","meta":{"footnotes":""},"categories":[253],"tags":[],"class_list":["post-83166","post","type-post","status-publish","format-standard","has-post-thumbnail","hentry","category-cidade"],"_links":{"self":[{"href":"https:\/\/diarioregionaldigital.com.br\/index.php?rest_route=\/wp\/v2\/posts\/83166","targetHints":{"allow":["GET"]}}],"collection":[{"href":"https:\/\/diarioregionaldigital.com.br\/index.php?rest_route=\/wp\/v2\/posts"}],"about":[{"href":"https:\/\/diarioregionaldigital.com.br\/index.php?rest_route=\/wp\/v2\/types\/post"}],"author":[{"embeddable":true,"href":"https:\/\/diarioregionaldigital.com.br\/index.php?rest_route=\/wp\/v2\/users\/96"}],"replies":[{"embeddable":true,"href":"https:\/\/diarioregionaldigital.com.br\/index.php?rest_route=%2Fwp%2Fv2%2Fcomments&post=83166"}],"version-history":[{"count":0,"href":"https:\/\/diarioregionaldigital.com.br\/index.php?rest_route=\/wp\/v2\/posts\/83166\/revisions"}],"wp:featuredmedia":[{"embeddable":true,"href":"https:\/\/diarioregionaldigital.com.br\/index.php?rest_route=\/wp\/v2\/media\/83165"}],"wp:attachment":[{"href":"https:\/\/diarioregionaldigital.com.br\/index.php?rest_route=%2Fwp%2Fv2%2Fmedia&parent=83166"}],"wp:term":[{"taxonomy":"category","embeddable":true,"href":"https:\/\/diarioregionaldigital.com.br\/index.php?rest_route=%2Fwp%2Fv2%2Fcategories&post=83166"},{"taxonomy":"post_tag","embeddable":true,"href":"https:\/\/diarioregionaldigital.com.br\/index.php?rest_route=%2Fwp%2Fv2%2Ftags&post=83166"}],"curies":[{"name":"wp","href":"https:\/\/api.w.org\/{rel}","templated":true}]}}