{"id":83156,"date":"2017-10-14T12:31:26","date_gmt":"2017-10-14T15:31:26","guid":{"rendered":"http:\/\/diarioregionaljf.com.br\/2017\/10\/14\/jovem-de-19-anos-morre-afogado-no-bairro-linhares\/"},"modified":"2017-10-14T12:31:26","modified_gmt":"2017-10-14T15:31:26","slug":"jovem-de-19-anos-morre-afogado-no-bairro-linhares","status":"publish","type":"post","link":"https:\/\/diarioregionaldigital.com.br\/?p=83156","title":{"rendered":"Jovem de 19 anos morre afogado no bairro Linhares"},"content":{"rendered":"<p>Um jovem de 19 anos morreu afogado nesta sexta-feira, 13, em um lago no bairro Linhares, localizado na zona Leste de Juiz de Fora.<\/p>\n<p>De acordo com registro de ocorr\u00eancias, a Pol\u00edcia Militar (PM) juntamente com um m\u00e9dico do Servi\u00e7o de Atendimento M\u00f3vel de Urg\u00eancia (SAMU) se deslocaram at\u00e9 a Rua Diva Garcia e no local encontraram a v\u00edtima j\u00e1 sem sinais vitais. O m\u00e9dico constatou a morte por afogamento.<\/p>\n<p>Uma testemunha informou a Pol\u00edcia que o jovem teria mergulhado no lago e ao perceber que era fundo, come\u00e7ou a se afogar. Ele ainda afirmou ter tentado salvar a v\u00edtima, mas n\u00e3o conseguiu.<\/p>\n<p>Uma funer\u00e1ria removeu o corpo da v\u00edtima.<\/p>\n","protected":false},"excerpt":{"rendered":"<p>Um jovem de 19 anos morreu afogado nesta sexta-feira, 13, em um lago no bairro Linhares, localizado na zona Leste de Juiz de Fora. De acordo com registro de ocorr\u00eancias, a Pol\u00edcia Militar (PM) juntamente com um m\u00e9dico do Servi\u00e7o de Atendimento M\u00f3vel de Urg\u00eancia (SAMU) se deslocaram at\u00e9 a Rua Diva Garcia e no [&hellip;]<\/p>\n","protected":false},"author":96,"featured_media":83155,"comment_status":"closed","ping_status":"closed","sticky":false,"template":"","format":"standard","meta":{"footnotes":""},"categories":[301],"tags":[],"class_list":["post-83156","post","type-post","status-publish","format-standard","has-post-thumbnail","hentry","category-artigos-policiais"],"_links":{"self":[{"href":"https:\/\/diarioregionaldigital.com.br\/index.php?rest_route=\/wp\/v2\/posts\/83156","targetHints":{"allow":["GET"]}}],"collection":[{"href":"https:\/\/diarioregionaldigital.com.br\/index.php?rest_route=\/wp\/v2\/posts"}],"about":[{"href":"https:\/\/diarioregionaldigital.com.br\/index.php?rest_route=\/wp\/v2\/types\/post"}],"author":[{"embeddable":true,"href":"https:\/\/diarioregionaldigital.com.br\/index.php?rest_route=\/wp\/v2\/users\/96"}],"replies":[{"embeddable":true,"href":"https:\/\/diarioregionaldigital.com.br\/index.php?rest_route=%2Fwp%2Fv2%2Fcomments&post=83156"}],"version-history":[{"count":0,"href":"https:\/\/diarioregionaldigital.com.br\/index.php?rest_route=\/wp\/v2\/posts\/83156\/revisions"}],"wp:featuredmedia":[{"embeddable":true,"href":"https:\/\/diarioregionaldigital.com.br\/index.php?rest_route=\/wp\/v2\/media\/83155"}],"wp:attachment":[{"href":"https:\/\/diarioregionaldigital.com.br\/index.php?rest_route=%2Fwp%2Fv2%2Fmedia&parent=83156"}],"wp:term":[{"taxonomy":"category","embeddable":true,"href":"https:\/\/diarioregionaldigital.com.br\/index.php?rest_route=%2Fwp%2Fv2%2Fcategories&post=83156"},{"taxonomy":"post_tag","embeddable":true,"href":"https:\/\/diarioregionaldigital.com.br\/index.php?rest_route=%2Fwp%2Fv2%2Ftags&post=83156"}],"curies":[{"name":"wp","href":"https:\/\/api.w.org\/{rel}","templated":true}]}}