{"id":83142,"date":"2017-10-13T17:44:09","date_gmt":"2017-10-13T20:44:09","guid":{"rendered":"http:\/\/diarioregionaljf.com.br\/2017\/10\/13\/moro-da-48-horas-para-defesa-de-lula-entregar-recibos-originais-de-aluguel\/"},"modified":"2017-10-13T17:44:09","modified_gmt":"2017-10-13T20:44:09","slug":"moro-da-48-horas-para-defesa-de-lula-entregar-recibos-originais-de-aluguel","status":"publish","type":"post","link":"https:\/\/diarioregionaldigital.com.br\/?p=83142","title":{"rendered":"Moro d\u00e1 48 horas para defesa de Lula entregar recibos originais de aluguel"},"content":{"rendered":"<p>O juiz federal Sergio Moro deu nessa sexta-feira, 13, prazo de 48 horas para que a defesa do ex-presidente Luiz In\u00e1cio Lula da Silva entregue os recibos originais do aluguel de um apartamento, localizado em S\u00e3o Bernardo do Campo (SP), vizinho ao que mora o ex-presidente.<\/p>\n<p>No fim de setembro, os advogados de Lula entregam c\u00f3pias dos recibos, mas o Minist\u00e9rio P\u00fablico Federal (MPF) pediu que veracidade dos documentos seja verificada. Em dois recibos foram inseridas datas que n\u00e3o existem: 31 de junho de 2014 e 31 de novembro de 2015.<\/p>\n<p>A medida foi tomada na a\u00e7\u00e3o penal na qual o ex-presidente \u00e9 r\u00e9u na Justi\u00e7a Federal em Curitiba. O processo \u00e9 um dos desdobramentos da Opera\u00e7\u00e3o Lava Jato. O MPF acusa o ex-presidente de receber vantagens indevidas oriundas de fraudes em contratos da Petrobras e o apartamento seria uma delas. Para a for\u00e7a-tarefa da Lava Jato, Lula seria o verdadeiro dono do apartamento vizinho ao dele. Glaucos da Costamarques, tamb\u00e9m r\u00e9u no processo e propriet\u00e1rio do im\u00f3vel, seria um \u201claranja\u201d, de acordo com a acusa\u00e7\u00e3o.<\/p>\n<p>Na mesma decis\u00e3o, Moro rejeitou pedido feito pela defesa de Lula para que fosse agendada uma audi\u00eancia formal para a entrega dos recibos com a presen\u00e7a de um perito.<\/p>\n<p>\u201cA defesa tem a posse dos recibos e pode extrair c\u00f3pias antes de entreg\u00e1-los, o que j\u00e1 \u00e9 medida suficiente para prevenir qualquer chance de adultera\u00e7\u00e3o superveniente, ainda que seja surpreendente que isso seja aventado pela defesa\u201d, argumentou Moro.<\/p>\n<p>Glaucos \u00e9 sobrinho do empres\u00e1rio Jos\u00e9 Carlos Bumlai, amigo de Lula e preso na Lava Jato. Inicialmente, o apartamento foi alugado pelo Gabinete de Seguran\u00e7a Institucional da Presid\u00eancia da Rep\u00fablica, ainda quando Lula era chefe do governo, para ser usado pelos policiais respons\u00e1veis pela seguran\u00e7a do ent\u00e3o presidente. Depois que deixou o cargo, Lula decidiu assumir a loca\u00e7\u00e3o do im\u00f3vel, que tinha como locat\u00e1ria a ex-primeira dama Marisa Let\u00edcia, que morreu em fevereiro.<\/p>\n<p>A defesa do ex-presidente argumenta que os recibos comprovam que o aluguel do im\u00f3vel foi uma rela\u00e7\u00e3o contratual entre a fam\u00edlia de Lula e Glaucos da Costamarques. Os advogados de Lula afirmam ainda que parentes e colaboradores de Lula fizeram dilig\u00eancias para encontrar os recibos ap\u00f3s pedido feito pelo juiz S\u00e9rgio Moro durante depoimento prestado por Lula, em Curitiba.<\/p>\n<p>Fonte: Ag\u00eancia Brasil<\/p>\n","protected":false},"excerpt":{"rendered":"<p>O juiz federal Sergio Moro deu nessa sexta-feira, 13, prazo de 48 horas para que a defesa do ex-presidente Luiz In\u00e1cio Lula da Silva entregue os recibos originais do aluguel de um apartamento, localizado em S\u00e3o Bernardo do Campo (SP), vizinho ao que mora o ex-presidente. No fim de setembro, os advogados de Lula entregam [&hellip;]<\/p>\n","protected":false},"author":96,"featured_media":83141,"comment_status":"closed","ping_status":"closed","sticky":false,"template":"","format":"standard","meta":{"footnotes":""},"categories":[254],"tags":[],"class_list":["post-83142","post","type-post","status-publish","format-standard","has-post-thumbnail","hentry","category-politica"],"_links":{"self":[{"href":"https:\/\/diarioregionaldigital.com.br\/index.php?rest_route=\/wp\/v2\/posts\/83142","targetHints":{"allow":["GET"]}}],"collection":[{"href":"https:\/\/diarioregionaldigital.com.br\/index.php?rest_route=\/wp\/v2\/posts"}],"about":[{"href":"https:\/\/diarioregionaldigital.com.br\/index.php?rest_route=\/wp\/v2\/types\/post"}],"author":[{"embeddable":true,"href":"https:\/\/diarioregionaldigital.com.br\/index.php?rest_route=\/wp\/v2\/users\/96"}],"replies":[{"embeddable":true,"href":"https:\/\/diarioregionaldigital.com.br\/index.php?rest_route=%2Fwp%2Fv2%2Fcomments&post=83142"}],"version-history":[{"count":0,"href":"https:\/\/diarioregionaldigital.com.br\/index.php?rest_route=\/wp\/v2\/posts\/83142\/revisions"}],"wp:featuredmedia":[{"embeddable":true,"href":"https:\/\/diarioregionaldigital.com.br\/index.php?rest_route=\/wp\/v2\/media\/83141"}],"wp:attachment":[{"href":"https:\/\/diarioregionaldigital.com.br\/index.php?rest_route=%2Fwp%2Fv2%2Fmedia&parent=83142"}],"wp:term":[{"taxonomy":"category","embeddable":true,"href":"https:\/\/diarioregionaldigital.com.br\/index.php?rest_route=%2Fwp%2Fv2%2Fcategories&post=83142"},{"taxonomy":"post_tag","embeddable":true,"href":"https:\/\/diarioregionaldigital.com.br\/index.php?rest_route=%2Fwp%2Fv2%2Ftags&post=83142"}],"curies":[{"name":"wp","href":"https:\/\/api.w.org\/{rel}","templated":true}]}}