{"id":82959,"date":"2017-10-10T21:11:24","date_gmt":"2017-10-11T00:11:24","guid":{"rendered":"http:\/\/diarioregionaljf.com.br\/2017\/10\/10\/petrobras-eleva-em-12-9-preco-do-gas-de-cozinha-e-pesa-no-bolso-do-consumidor-a-partir-de-amanha\/"},"modified":"2017-10-10T21:11:24","modified_gmt":"2017-10-11T00:11:24","slug":"petrobras-eleva-em-12-9-preco-do-gas-de-cozinha-e-pesa-no-bolso-do-consumidor-a-partir-de-amanha","status":"publish","type":"post","link":"https:\/\/diarioregionaldigital.com.br\/?p=82959","title":{"rendered":"Petrobras eleva em 12,9% pre\u00e7o do g\u00e1s de cozinha e pesa no bolso do consumidor a partir de amanh\u00e3"},"content":{"rendered":"<p>O Grupo Executivo de Mercado e Pre\u00e7os da Petrobras definiu novo reajuste do g\u00e1s liquefeito de petr\u00f3leo (GLP) para uso residencial, vendido em botij\u00f5es de at\u00e9 13 quilos (GLP P-13), conhecido como g\u00e1s de cozinha. O aumento ser\u00e1, em m\u00e9dia, de 12,9% e come\u00e7a a vigorar nesta quarta-feira, 11.<\/p>\n<p>A Petrobras informou, por meio de sua assessoria de imprensa, que o aumento, calculado de acordo com a pol\u00edtica de pre\u00e7os divulgada em junho deste ano, reflete \u201cprincipalmente, a varia\u00e7\u00e3o das cota\u00e7\u00f5es do produto no mercado internacional\u201d.<\/p>\n<p>A companhia acrescentou que, como a legisla\u00e7\u00e3o brasileira \u201cgarante liberdade de pre\u00e7os no mercado de combust\u00edveis e derivados, as revis\u00f5es feitas nas refinarias podem ou n\u00e3o se refletir no pre\u00e7o final ao consumidor\u201d. O impacto no consumo depender\u00e1 de repasses por distribuidoras e revendedores, advertiu.<\/p>\n<p>A empresa destacou que o ajuste n\u00e3o tem incid\u00eancia de tributos. Caso seja repassado integralmente aos pre\u00e7os ao consumidor final, a estimativa \u00e9 que o pre\u00e7o do botij\u00e3o de GLP P-13 suba em torno de 5,1%, em m\u00e9dia, ou cerca de R$3,09 por botij\u00e3o, informou a Petrobras. O \u00faltimo reajuste foi feito em 26 de setembro.<\/p>\n<p><strong>Sindig\u00e1s<\/strong><\/p>\n<p>O Sindicato Nacional das Empresas Distribuidoras de G\u00e1s Liquefeito de Petr\u00f3leo (Sindig\u00e1s) calcula que o reajuste oscilar\u00e1 entre 7,8% e 15,4%, de acordo com o polo de suprimento.<\/p>\n<p>De acordo com a entidade, a corre\u00e7\u00e3o aplicada n\u00e3o repassa integralmente a varia\u00e7\u00e3o de pre\u00e7os do mercado internacional. Diante disso, o Sindig\u00e1s estima o pre\u00e7o do produto para botij\u00f5es at\u00e9 13 quilos \u201cficar\u00e1 6,08% abaixo da paridade de importa\u00e7\u00e3o, o que inibe investimentos privados em infraestrutura no setor de abastecimento\u201d.<\/p>\n<p><strong>Combust\u00edveis<\/strong><\/p>\n<p>Tamb\u00e9m nesta quarta-feira, 11, entram em vigor novos reajustes para diesel e gasolina. Para o diesel, o Grupo Executivo de Mercado e Pre\u00e7os estabeleceu queda de 0,2%, que se soma \u00e0 redu\u00e7\u00e3o de 1,3%, em vig\u00eancia hoje (10). Para a gasolina, foi estabelecida retra\u00e7\u00e3o de 2,6%, ap\u00f3s aumento de 1,5% que vale a partir desta ter\u00e7a-feira.<\/p>\n<p>&nbsp;<\/p>\n<hr \/>\n<p>&nbsp;Fonte: Ag\u00eancia Brasil<\/p>\n","protected":false},"excerpt":{"rendered":"<p>O Grupo Executivo de Mercado e Pre\u00e7os da Petrobras definiu novo reajuste do g\u00e1s liquefeito de petr\u00f3leo (GLP) para uso residencial, vendido em botij\u00f5es de at\u00e9 13 quilos (GLP P-13), conhecido como g\u00e1s de cozinha. O aumento ser\u00e1, em m\u00e9dia, de 12,9% e come\u00e7a a vigorar nesta quarta-feira, 11. A Petrobras informou, por meio de [&hellip;]<\/p>\n","protected":false},"author":96,"featured_media":82958,"comment_status":"closed","ping_status":"closed","sticky":false,"template":"","format":"standard","meta":{"footnotes":""},"categories":[261],"tags":[],"class_list":["post-82959","post","type-post","status-publish","format-standard","has-post-thumbnail","hentry","category-economia"],"_links":{"self":[{"href":"https:\/\/diarioregionaldigital.com.br\/index.php?rest_route=\/wp\/v2\/posts\/82959","targetHints":{"allow":["GET"]}}],"collection":[{"href":"https:\/\/diarioregionaldigital.com.br\/index.php?rest_route=\/wp\/v2\/posts"}],"about":[{"href":"https:\/\/diarioregionaldigital.com.br\/index.php?rest_route=\/wp\/v2\/types\/post"}],"author":[{"embeddable":true,"href":"https:\/\/diarioregionaldigital.com.br\/index.php?rest_route=\/wp\/v2\/users\/96"}],"replies":[{"embeddable":true,"href":"https:\/\/diarioregionaldigital.com.br\/index.php?rest_route=%2Fwp%2Fv2%2Fcomments&post=82959"}],"version-history":[{"count":0,"href":"https:\/\/diarioregionaldigital.com.br\/index.php?rest_route=\/wp\/v2\/posts\/82959\/revisions"}],"wp:featuredmedia":[{"embeddable":true,"href":"https:\/\/diarioregionaldigital.com.br\/index.php?rest_route=\/wp\/v2\/media\/82958"}],"wp:attachment":[{"href":"https:\/\/diarioregionaldigital.com.br\/index.php?rest_route=%2Fwp%2Fv2%2Fmedia&parent=82959"}],"wp:term":[{"taxonomy":"category","embeddable":true,"href":"https:\/\/diarioregionaldigital.com.br\/index.php?rest_route=%2Fwp%2Fv2%2Fcategories&post=82959"},{"taxonomy":"post_tag","embeddable":true,"href":"https:\/\/diarioregionaldigital.com.br\/index.php?rest_route=%2Fwp%2Fv2%2Ftags&post=82959"}],"curies":[{"name":"wp","href":"https:\/\/api.w.org\/{rel}","templated":true}]}}