{"id":82957,"date":"2017-10-10T21:08:03","date_gmt":"2017-10-11T00:08:03","guid":{"rendered":"http:\/\/diarioregionaljf.com.br\/2017\/10\/10\/volume-de-impostos-pagos-pelos-brasileiros-sobe-8-em-12-meses\/"},"modified":"2017-10-10T21:08:03","modified_gmt":"2017-10-11T00:08:03","slug":"volume-de-impostos-pagos-pelos-brasileiros-sobe-8-em-12-meses","status":"publish","type":"post","link":"https:\/\/diarioregionaldigital.com.br\/?p=82957","title":{"rendered":"Volume de impostos pagos pelos brasileiros sobe 8% em 12 meses"},"content":{"rendered":"<p>O montante de tributos pagos pelos brasileiros teve crescimento nominal de 8% em doze meses, no per\u00edodo iniciado em 14 de setembro de 2016 e encerrado em 14 de setembro de 2017. Os impostos estaduais foram os que mais cresceram (10,2%). J\u00e1 os tributos municipais avan\u00e7aram 7,7% e os federais, 7,1%.<\/p>\n<p>Os n\u00fameros est\u00e3o em levantamento feito pelo Instituto Brasileiro de Planejamento e Tributa\u00e7\u00e3o (IBPT) e divulgado pela Associa\u00e7\u00e3o Comercial de S\u00e3o Paulo (ACSP).<\/p>\n<p>\u201cAl\u00e9m do efeito da infla\u00e7\u00e3o e da retomada da atividade econ\u00f4mica, a recupera\u00e7\u00e3o do consumo levou \u00e0 melhora da arrecada\u00e7\u00e3o porque o ICMS [Imposto sobre Circula\u00e7\u00e3o de Mercadorias e Servi\u00e7os] \u00e9 o principal imposto dos estados e incide fortemente sobre as vendas do varejo e servi\u00e7os p\u00fablicos como energia e g\u00e1s\u201d, disse o presidente da ACSP e da Federa\u00e7\u00e3o das Associa\u00e7\u00f5es Comerciais do Estado de S\u00e3o Paulo (Facesp), Alencar Burti.<\/p>\n<p>De acordo com a ACSP tamb\u00e9m colaboraram para o aumento do volume tribut\u00e1rio o crescimento do lucro de empresas e a eleva\u00e7\u00e3o de sal\u00e1rios e do n\u00famero de contribuintes.<\/p>\n<p>No \u00faltimo dia 14, o Impost\u00f4metro da ACSP registrou a marca de R$1,5 trilh\u00e3o arrecadados em tributos municipais, estaduais e federais em 2017. Um ano antes, no mesmo dia, o painel marcava R$1,39 trilh\u00e3o.<\/p>\n<hr \/>\n<p>&nbsp;Fonte: Ag\u00eancia Brasil<\/p>\n","protected":false},"excerpt":{"rendered":"<p>O montante de tributos pagos pelos brasileiros teve crescimento nominal de 8% em doze meses, no per\u00edodo iniciado em 14 de setembro de 2016 e encerrado em 14 de setembro de 2017. Os impostos estaduais foram os que mais cresceram (10,2%). J\u00e1 os tributos municipais avan\u00e7aram 7,7% e os federais, 7,1%. Os n\u00fameros est\u00e3o em [&hellip;]<\/p>\n","protected":false},"author":96,"featured_media":82956,"comment_status":"closed","ping_status":"closed","sticky":false,"template":"","format":"standard","meta":{"footnotes":""},"categories":[261],"tags":[],"class_list":["post-82957","post","type-post","status-publish","format-standard","has-post-thumbnail","hentry","category-economia"],"_links":{"self":[{"href":"https:\/\/diarioregionaldigital.com.br\/index.php?rest_route=\/wp\/v2\/posts\/82957","targetHints":{"allow":["GET"]}}],"collection":[{"href":"https:\/\/diarioregionaldigital.com.br\/index.php?rest_route=\/wp\/v2\/posts"}],"about":[{"href":"https:\/\/diarioregionaldigital.com.br\/index.php?rest_route=\/wp\/v2\/types\/post"}],"author":[{"embeddable":true,"href":"https:\/\/diarioregionaldigital.com.br\/index.php?rest_route=\/wp\/v2\/users\/96"}],"replies":[{"embeddable":true,"href":"https:\/\/diarioregionaldigital.com.br\/index.php?rest_route=%2Fwp%2Fv2%2Fcomments&post=82957"}],"version-history":[{"count":0,"href":"https:\/\/diarioregionaldigital.com.br\/index.php?rest_route=\/wp\/v2\/posts\/82957\/revisions"}],"wp:featuredmedia":[{"embeddable":true,"href":"https:\/\/diarioregionaldigital.com.br\/index.php?rest_route=\/wp\/v2\/media\/82956"}],"wp:attachment":[{"href":"https:\/\/diarioregionaldigital.com.br\/index.php?rest_route=%2Fwp%2Fv2%2Fmedia&parent=82957"}],"wp:term":[{"taxonomy":"category","embeddable":true,"href":"https:\/\/diarioregionaldigital.com.br\/index.php?rest_route=%2Fwp%2Fv2%2Fcategories&post=82957"},{"taxonomy":"post_tag","embeddable":true,"href":"https:\/\/diarioregionaldigital.com.br\/index.php?rest_route=%2Fwp%2Fv2%2Ftags&post=82957"}],"curies":[{"name":"wp","href":"https:\/\/api.w.org\/{rel}","templated":true}]}}