{"id":82953,"date":"2017-10-10T21:01:07","date_gmt":"2017-10-11T00:01:07","guid":{"rendered":"http:\/\/diarioregionaljf.com.br\/2017\/10\/10\/prefeitura-de-muriae-alerta-sobre-doencas-da-primavera-e-imuniza-populacao-contra-catapora-e-caxumba\/"},"modified":"2017-10-10T21:01:07","modified_gmt":"2017-10-11T00:01:07","slug":"prefeitura-de-muriae-alerta-sobre-doencas-da-primavera-e-imuniza-populacao-contra-catapora-e-caxumba","status":"publish","type":"post","link":"https:\/\/diarioregionaldigital.com.br\/?p=82953","title":{"rendered":"Prefeitura de Muria\u00e9 alerta sobre doen\u00e7as da primavera e imuniza popula\u00e7\u00e3o contra catapora e caxumba"},"content":{"rendered":"<p>Com o final do inverno e o in\u00edcio da nova esta\u00e7\u00e3o, toda a popula\u00e7\u00e3o precisa ficar atenta, pois podem surgir algumas enfermidades conhecidas como doen\u00e7as da primavera: a catapora e a caxumba. Elas podem ser prevenidas com a aplica\u00e7\u00e3o da tr\u00edplice viral e da varicela. A Prefeitura de Muria\u00e9 est\u00e1 com as doses da vacina dispon\u00edvel em todas as unidades de sa\u00fade e no Centro Municipal de Vacina\u00e7\u00e3o para imunizar todos os muriaeenses. \u00c9 necess\u00e1rio ter duas doses carimbadas na caderneta. Quem n\u00e3o tem, deve procurar os postos.<\/p>\n<p>A catapora e a caxumba s\u00e3o doen\u00e7as contagiosas. Sua transmiss\u00e3o se d\u00e1 por meio de via respirat\u00f3ria e por contatos diretos, podendo levar a surtos e epidemias. \u201cOs principais sintomas da catapora s\u00e3o febre moderada, mal-estar, falta de apetite, erup\u00e7\u00f5es cut\u00e2neas sob forma de ves\u00edculas, al\u00e9m de coceira intensa. J\u00e1 a caxumba \u00e9 caracterizada pelo incha\u00e7o das gl\u00e2ndulas par\u00f3tidas (localizadas no pesco\u00e7o, abaixo da mand\u00edbula), seguida de febre baixa, dor no corpo, mal-estar e dor de ouvido\u201d, explicou a coordenadora de Imuniza\u00e7\u00e3o da Secretaria Municipal de Sa\u00fade, Priscila Secco.<\/p>\n<p>A Prefeitura de Muria\u00e9 realizou recentemente uma campanha de multivacina\u00e7\u00e3o solicitando aos muriaeenses que atualizassem os cart\u00f5es de vacina. \u201cPedimos aos pais que verifiquem as cadernetas de vacina\u00e7\u00e3o de seus filhos para ver se foram aplicadas as doses da tr\u00edplice viral e varicela. Caso n\u00e3o haja o carimbo, dever\u00e1 procurar as unidades de sa\u00fade com os cart\u00f5es em m\u00e3os. Devemos nos precaver para evitar as doen\u00e7as. Nossa Administra\u00e7\u00e3o est\u00e1 investindo forte na sa\u00fade para que possamos construir um caminho mais saud\u00e1vel para todos n\u00f3s\u201d, frisou o prefeito Grego.<\/p>\n<p><strong>Vacina\u00e7\u00e3o contra catapora e caxumba<\/strong><br \/>Dia: De segunda a sexta-feira<br \/>Hora: 7h30 \u00e0s 16h30<br \/>Local: Unidades de sa\u00fade dos bairros e Centro Municipal de Vacina\u00e7\u00e3o<\/p>\n<p>Fonte: Assessoria<\/p>\n","protected":false},"excerpt":{"rendered":"<p>Com o final do inverno e o in\u00edcio da nova esta\u00e7\u00e3o, toda a popula\u00e7\u00e3o precisa ficar atenta, pois podem surgir algumas enfermidades conhecidas como doen\u00e7as da primavera: a catapora e a caxumba. Elas podem ser prevenidas com a aplica\u00e7\u00e3o da tr\u00edplice viral e da varicela. A Prefeitura de Muria\u00e9 est\u00e1 com as doses da vacina [&hellip;]<\/p>\n","protected":false},"author":96,"featured_media":82952,"comment_status":"closed","ping_status":"closed","sticky":false,"template":"","format":"standard","meta":{"footnotes":""},"categories":[252],"tags":[],"class_list":["post-82953","post","type-post","status-publish","format-standard","has-post-thumbnail","hentry","category-regiao"],"_links":{"self":[{"href":"https:\/\/diarioregionaldigital.com.br\/index.php?rest_route=\/wp\/v2\/posts\/82953","targetHints":{"allow":["GET"]}}],"collection":[{"href":"https:\/\/diarioregionaldigital.com.br\/index.php?rest_route=\/wp\/v2\/posts"}],"about":[{"href":"https:\/\/diarioregionaldigital.com.br\/index.php?rest_route=\/wp\/v2\/types\/post"}],"author":[{"embeddable":true,"href":"https:\/\/diarioregionaldigital.com.br\/index.php?rest_route=\/wp\/v2\/users\/96"}],"replies":[{"embeddable":true,"href":"https:\/\/diarioregionaldigital.com.br\/index.php?rest_route=%2Fwp%2Fv2%2Fcomments&post=82953"}],"version-history":[{"count":0,"href":"https:\/\/diarioregionaldigital.com.br\/index.php?rest_route=\/wp\/v2\/posts\/82953\/revisions"}],"wp:featuredmedia":[{"embeddable":true,"href":"https:\/\/diarioregionaldigital.com.br\/index.php?rest_route=\/wp\/v2\/media\/82952"}],"wp:attachment":[{"href":"https:\/\/diarioregionaldigital.com.br\/index.php?rest_route=%2Fwp%2Fv2%2Fmedia&parent=82953"}],"wp:term":[{"taxonomy":"category","embeddable":true,"href":"https:\/\/diarioregionaldigital.com.br\/index.php?rest_route=%2Fwp%2Fv2%2Fcategories&post=82953"},{"taxonomy":"post_tag","embeddable":true,"href":"https:\/\/diarioregionaldigital.com.br\/index.php?rest_route=%2Fwp%2Fv2%2Ftags&post=82953"}],"curies":[{"name":"wp","href":"https:\/\/api.w.org\/{rel}","templated":true}]}}