{"id":82949,"date":"2017-10-10T20:44:58","date_gmt":"2017-10-10T23:44:58","guid":{"rendered":"http:\/\/diarioregionaljf.com.br\/2017\/10\/10\/tjmg-publica-edital-de-licitacao-para-forum-de-juiz-de-fora\/"},"modified":"2017-10-10T20:44:58","modified_gmt":"2017-10-10T23:44:58","slug":"tjmg-publica-edital-de-licitacao-para-forum-de-juiz-de-fora","status":"publish","type":"post","link":"https:\/\/diarioregionaldigital.com.br\/?p=82949","title":{"rendered":"TJMG publica edital de licita\u00e7\u00e3o para F\u00f3rum de Juiz de Fora"},"content":{"rendered":"<p>O Tribunal de Justi\u00e7a do Estado de Minas Gerais (TJMG) abriu, na segunda-feira, 9, o processo de licita\u00e7\u00e3o para a escolha da empresa respons\u00e1vel pela constru\u00e7\u00e3o do novo F\u00f3rum da Comarca de Juiz de Fora. O edital 150\/2017 foi publicado no <a href=\"http:\/\/www.tjmg.jus.br\/data\/files\/DA\/56\/0B\/12\/2A3FE510B4D32EE5A04E08A8\/ADM20171006.PDF\" target=\"_blank\" rel=\"noopener noreferrer\">Di\u00e1rio do Judici\u00e1rio eletr\u00f4nico<\/a>.<\/p>\n<p>Os envelopes de habilita\u00e7\u00e3o e proposta devem ser entregues at\u00e9 \u00e0s 17h de 9 de novembro de 2017. A sess\u00e3o p\u00fablica para abertura dos envelopes ocorrer\u00e1 no dia seguinte, 10 de novembro, \u00e0s 9h.<\/p>\n<p>Com o custo estimado em R$85 milh\u00f5es, o pr\u00e9dio faz parte do Plano de Acelera\u00e7\u00e3o de Obras do Tribunal, que se estende at\u00e9 2024 e vai intensificar a constru\u00e7\u00e3o e a reforma de f\u00f3runs, utilizando recursos do Fundo Especial do Poder Judici\u00e1rio.<\/p>\n<p>&nbsp;<\/p>\n<h4>NOVAS INSTALA\u00c7\u00d5ES<\/h4>\n<p>O novo pr\u00e9dio ser\u00e1 constru\u00eddo no bairro Baixada do Paraibuna, e ocupar\u00e1 um terreno de aproximadamente 12 mil m\u00b2, em 21 mil m\u00b2 de \u00e1rea constru\u00edda. O edif\u00edcio ter\u00e1 sete pavimentos, cinco elevadores, estacionamento com capacidade para 167 ve\u00edculos, e uma estrutura que respeita as normas de acessibilidade.<\/p>\n<p>Atualmente o F\u00f3rum Benjamim Colucci abriga 25 varas. Com a constru\u00e7\u00e3o da nova sede, essa capacidade pode ser ampliada para 40.<\/p>\n<p>&nbsp;<\/p>\n<h4>PLANO DE ACELERA\u00c7\u00c3O<\/h4>\n<p>O Plano de Acelera\u00e7\u00e3o de Obras abreviou os fluxos para realizar constru\u00e7\u00f5es e reformas em pr\u00e9dios do Judici\u00e1rio por meio da ado\u00e7\u00e3o de &#8220;arquitetura padr\u00e3o&#8221; de edifica\u00e7\u00e3o e da prioriza\u00e7\u00e3o de projetos para terrenos j\u00e1 cedidos. A proposta \u00e9 incrementar a celebra\u00e7\u00e3o de contratos para elabora\u00e7\u00e3o de projetos e or\u00e7amentos, para topografia, sondagens e amplia\u00e7\u00e3o da equipe respons\u00e1vel pela gest\u00e3o contratual e fiscaliza\u00e7\u00e3o t\u00e9cnica.<\/p>\n<p>At\u00e9 dezembro, mais nove licita\u00e7\u00f5es para obras e reformas est\u00e3o previstas para ocorrerem: Cambu\u00ed, C\u00e1ssia, Ibirit\u00e9, Itajub\u00e1, Ita\u00fana, Jo\u00e3o Pinheiro, Par\u00e1 de Minas, Prat\u00e1polis e Tr\u00eas Cora\u00e7\u00f5es. Em andamento est\u00e3o as licita\u00e7\u00f5es para a constru\u00e7\u00e3o dos novos f\u00f3runs de Araguari, Arax\u00e1, Concei\u00e7\u00e3o das Alagoas e Ituiutaba.<\/p>\n<p>&nbsp;<\/p>\n<p>Fonte: Assessoria TJMG<\/p>\n","protected":false},"excerpt":{"rendered":"<p>O Tribunal de Justi\u00e7a do Estado de Minas Gerais (TJMG) abriu, na segunda-feira, 9, o processo de licita\u00e7\u00e3o para a escolha da empresa respons\u00e1vel pela constru\u00e7\u00e3o do novo F\u00f3rum da Comarca de Juiz de Fora. O edital 150\/2017 foi publicado no Di\u00e1rio do Judici\u00e1rio eletr\u00f4nico. Os envelopes de habilita\u00e7\u00e3o e proposta devem ser entregues at\u00e9 [&hellip;]<\/p>\n","protected":false},"author":96,"featured_media":82948,"comment_status":"closed","ping_status":"closed","sticky":false,"template":"","format":"standard","meta":{"footnotes":""},"categories":[253],"tags":[],"class_list":["post-82949","post","type-post","status-publish","format-standard","has-post-thumbnail","hentry","category-cidade"],"_links":{"self":[{"href":"https:\/\/diarioregionaldigital.com.br\/index.php?rest_route=\/wp\/v2\/posts\/82949","targetHints":{"allow":["GET"]}}],"collection":[{"href":"https:\/\/diarioregionaldigital.com.br\/index.php?rest_route=\/wp\/v2\/posts"}],"about":[{"href":"https:\/\/diarioregionaldigital.com.br\/index.php?rest_route=\/wp\/v2\/types\/post"}],"author":[{"embeddable":true,"href":"https:\/\/diarioregionaldigital.com.br\/index.php?rest_route=\/wp\/v2\/users\/96"}],"replies":[{"embeddable":true,"href":"https:\/\/diarioregionaldigital.com.br\/index.php?rest_route=%2Fwp%2Fv2%2Fcomments&post=82949"}],"version-history":[{"count":0,"href":"https:\/\/diarioregionaldigital.com.br\/index.php?rest_route=\/wp\/v2\/posts\/82949\/revisions"}],"wp:featuredmedia":[{"embeddable":true,"href":"https:\/\/diarioregionaldigital.com.br\/index.php?rest_route=\/wp\/v2\/media\/82948"}],"wp:attachment":[{"href":"https:\/\/diarioregionaldigital.com.br\/index.php?rest_route=%2Fwp%2Fv2%2Fmedia&parent=82949"}],"wp:term":[{"taxonomy":"category","embeddable":true,"href":"https:\/\/diarioregionaldigital.com.br\/index.php?rest_route=%2Fwp%2Fv2%2Fcategories&post=82949"},{"taxonomy":"post_tag","embeddable":true,"href":"https:\/\/diarioregionaldigital.com.br\/index.php?rest_route=%2Fwp%2Fv2%2Ftags&post=82949"}],"curies":[{"name":"wp","href":"https:\/\/api.w.org\/{rel}","templated":true}]}}