{"id":82776,"date":"2017-10-07T14:04:57","date_gmt":"2017-10-07T17:04:57","guid":{"rendered":"http:\/\/diarioregionaljf.com.br\/2017\/10\/07\/homem-e-vitima-de-tentativa-de-homicidio-no-vila-alpina\/"},"modified":"2017-10-07T14:04:57","modified_gmt":"2017-10-07T17:04:57","slug":"homem-e-vitima-de-tentativa-de-homicidio-no-vila-alpina","status":"publish","type":"post","link":"https:\/\/diarioregionaldigital.com.br\/?p=82776","title":{"rendered":"Homem \u00e9 v\u00edtima de tentativa de homic\u00eddio no Vila Alpina"},"content":{"rendered":"<p>Um homem de 40 anos foi v\u00edtima de uma tentativa de homic\u00eddio na manh\u00e3 dessa sexta-feira, 6, na Rua Eurico Viana, bairro Vila Alpina, zona Leste. De acordo com informa\u00e7\u00f5es do registro de ocorr\u00eancias da Pol\u00edcia Militar (PM), uma viatura compareceu ao local para averiguar disparos de arma de fogo e os militares se depararam com a v\u00edtima ca\u00edda na cal\u00e7ada.<\/p>\n<p>O homem relatou que desceu de seu ve\u00edculo para pegar alguns materiais em uma resid\u00eancia pr\u00f3xima, quando um outro carro, de cor vermelha, passou por ele e disparos foram efetuados em sua dire\u00e7\u00e3o. A v\u00edtima foi atingida de rasp\u00e3o no bra\u00e7o direito e na lateral direita do abd\u00f4men, vindo a cair na cal\u00e7ada.<\/p>\n<p>O homem foi socorrido por uma equipe de resgate dos Bombeiros e conduzido ao Hospital de Pronto-Socorro (HPS). Ainda segundo a PM, at\u00e9 o fechamento do registro, seu estado de sa\u00fade era est\u00e1vel, sem risco de morte. Ele passou por uma cirurgia para extra\u00e7\u00e3o de um proj\u00e9til alojado nas costas.<\/p>\n<p>O carro da v\u00edtima foi atingido por alguns disparos e foi entregue \u00e0 sua filha ap\u00f3s realiza\u00e7\u00e3o de per\u00edcia. Um segundo carro que estava no local tamb\u00e9m foi atingido e passou por per\u00edcia. Os disparos acertaram, ainda, o port\u00e3o de entrada de uma casa.<\/p>\n<p>Testemunhas relataram aos militares que, possivelmente, o carro da v\u00edtima teria sido confundido com o de um morador do local que trafica drogas em sua resid\u00eancia. Contaram tamb\u00e9m que, no momento dos disparos, um outro homem saiu de uma casa abandonada, na mesma cal\u00e7ada, e revidou com tiros. O suspeito fugiu logo em seguida.<\/p>\n<p>O local foi liberado ap\u00f3s realiza\u00e7\u00e3o do socorro \u00e0 v\u00edtima e realiza\u00e7\u00e3o dos trabalhos periciais.<\/p>\n","protected":false},"excerpt":{"rendered":"<p>Um homem de 40 anos foi v\u00edtima de uma tentativa de homic\u00eddio na manh\u00e3 dessa sexta-feira, 6, na Rua Eurico Viana, bairro Vila Alpina, zona Leste. De acordo com informa\u00e7\u00f5es do registro de ocorr\u00eancias da Pol\u00edcia Militar (PM), uma viatura compareceu ao local para averiguar disparos de arma de fogo e os militares se depararam [&hellip;]<\/p>\n","protected":false},"author":96,"featured_media":82775,"comment_status":"closed","ping_status":"closed","sticky":false,"template":"","format":"standard","meta":{"footnotes":""},"categories":[301],"tags":[],"class_list":["post-82776","post","type-post","status-publish","format-standard","has-post-thumbnail","hentry","category-artigos-policiais"],"_links":{"self":[{"href":"https:\/\/diarioregionaldigital.com.br\/index.php?rest_route=\/wp\/v2\/posts\/82776","targetHints":{"allow":["GET"]}}],"collection":[{"href":"https:\/\/diarioregionaldigital.com.br\/index.php?rest_route=\/wp\/v2\/posts"}],"about":[{"href":"https:\/\/diarioregionaldigital.com.br\/index.php?rest_route=\/wp\/v2\/types\/post"}],"author":[{"embeddable":true,"href":"https:\/\/diarioregionaldigital.com.br\/index.php?rest_route=\/wp\/v2\/users\/96"}],"replies":[{"embeddable":true,"href":"https:\/\/diarioregionaldigital.com.br\/index.php?rest_route=%2Fwp%2Fv2%2Fcomments&post=82776"}],"version-history":[{"count":0,"href":"https:\/\/diarioregionaldigital.com.br\/index.php?rest_route=\/wp\/v2\/posts\/82776\/revisions"}],"wp:featuredmedia":[{"embeddable":true,"href":"https:\/\/diarioregionaldigital.com.br\/index.php?rest_route=\/wp\/v2\/media\/82775"}],"wp:attachment":[{"href":"https:\/\/diarioregionaldigital.com.br\/index.php?rest_route=%2Fwp%2Fv2%2Fmedia&parent=82776"}],"wp:term":[{"taxonomy":"category","embeddable":true,"href":"https:\/\/diarioregionaldigital.com.br\/index.php?rest_route=%2Fwp%2Fv2%2Fcategories&post=82776"},{"taxonomy":"post_tag","embeddable":true,"href":"https:\/\/diarioregionaldigital.com.br\/index.php?rest_route=%2Fwp%2Fv2%2Ftags&post=82776"}],"curies":[{"name":"wp","href":"https:\/\/api.w.org\/{rel}","templated":true}]}}