{"id":82723,"date":"2017-10-06T22:16:24","date_gmt":"2017-10-07T01:16:24","guid":{"rendered":"http:\/\/diarioregionaljf.com.br\/2017\/10\/06\/sucesso-total-4\/"},"modified":"2017-10-06T22:16:24","modified_gmt":"2017-10-07T01:16:24","slug":"sucesso-total-4","status":"publish","type":"post","link":"https:\/\/diarioregionaldigital.com.br\/?p=82723","title":{"rendered":"Sucesso total"},"content":{"rendered":"<p style=\"text-align: center;\"><span class=\"h4\">Assunto<\/span><br \/>O Semin\u00e1rio Diversidade 2017, com o tema Somos Todos diferentes, prossegue no dia 11 de outubro, no plen\u00e1rio da C\u00e2mara Municipal de Juiz de Fora. O tema ser\u00e1 \u201cAss\u00e9dio moral no ambiente de trabalho\u201d. Os palestrantes ser\u00e3o D\u00e9bora Magalh\u00e3es Kirchmar, graduada em Administra\u00e7\u00e3o pela UFJF e Yuri Alexander Nogueira Gomes Nascimento, especialista em Filosofia do Direito.<\/p>\n<p style=\"text-align: center;\"><span class=\"h4\">Comida boa<\/span><br \/>Mestre na arte de comer bem, o \u2018chef\u2019 Pablo Oazen ser\u00e1 o \u00fanico de Juiz de Fora marcando presen\u00e7a na Semana Mesa, dia 28, no Memorial da Am\u00e9rica Latina, em S\u00e3o Paulo. Com seu conceito sofisticado, ele, ao lado de nomes de peso da gastronomia brasileira, vai ensinar como preparar um filezinho su\u00edno com manga maxim e coco.<\/p>\n<p style=\"text-align: center;\"><span class=\"h4\">Beleza Rara<\/span><br \/>O Museu de Arte Murilo Mendes est\u00e1 em completa fase de arte mineira, com a mostra \u201cContempla\u00e7\u00e3o de Ouro Preto\u201d. Nas paredes, quadros de, Arlindo Daibert, Fani e Carlos Bracher, Fernando Lucchesi, H\u00e9lio Siqueira, Mauro Spinelli Pinto, Paulo Alvarez, Ricardo Crist\u00f3faro, Ricardo Homem e Zilah Consentina.<\/p>\n<p style=\"text-align: center;\"><span class=\"h4\">Sucesso total<\/span><br \/>Depois de arrebatar plateias em Juiz de Fora, Gueminho Bernardes vai aterrissar no Teatro Augusta, em S\u00e3o Paulo. Nos pr\u00f3ximos s\u00e1bados e domingos (a estreia foi ontem) de outubro, ele apresenta as pe\u00e7as \u201cComo fracassar na vida e ser infeliz no amor\u201d e \u201cO fim do mundo \u00e9 hoje\u201d.<\/p>\n<p style=\"text-align: center;\"><span class=\"h4\">Periquito<\/span><br \/>Para comemorar os 101 anos do Sport Clube Juiz de Fora, a presidente Carla Dias Gon\u00e7alves inaugurou o Memorial do Sport, em grande estilo. O espa\u00e7o super elogiado abriga parte da hist\u00f3ria do Clube e reverencia a mem\u00f3ria de Francisco Queiroz Caputo, que atuou na presid\u00eancia do Clube por 52 anos.<\/p>\n<p style=\"text-align: center;\"><span class=\"h4\">Novena<\/span><br \/>Em 2017, a festa em honra \u00e0 Nossa Senhora Aparecida ser\u00e1 mais especial que o de costume. Afinal, este \u00e9 o ano do tricenten\u00e1rio do encontro da imagem, no Rio Para\u00edba do Sul, daquela que viria a ser a Padroeira do Brasil. No dia 12 de outubro, \u00e0s 16h, haver\u00e1 missa no estacionamento do Shopping Jardim Norte e a prociss\u00e3o seguir\u00e1 em dire\u00e7\u00e3o \u00e0 Par\u00f3quia Nossa Senhora Aparecida, no bairro hom\u00f4nimo.<\/p>\n<p style=\"text-align: center;\"><img decoding=\"async\" class=\" size-full wp-image-82713\" src=\"http:\/\/diarioregionaljf.com.br\/wp-content\/uploads\/2017\/10\/diario-int-20143-1.jpg\" alt=\"FOTOA.jpg\" width=\"680\" style=\"display: block; margin-left: auto; margin-right: auto;\" srcset=\"https:\/\/diarioregionaldigital.com.br\/wp-content\/uploads\/2017\/10\/diario-int-20143-1.jpg 680w, https:\/\/diarioregionaldigital.com.br\/wp-content\/uploads\/2017\/10\/diario-int-20143-1-266x300.jpg 266w, https:\/\/diarioregionaldigital.com.br\/wp-content\/uploads\/2017\/10\/diario-int-20143-1-360x407.jpg 360w\" sizes=\"(max-width: 680px) 100vw, 680px\" \/>Um foco de luz, na bela Isabella Rodrigues<\/p>\n<p style=\"text-align: center;\"><img decoding=\"async\" class=\" size-full wp-image-82714\" src=\"http:\/\/diarioregionaljf.com.br\/wp-content\/uploads\/2017\/10\/diario-int-20143-2.jpg\" alt=\"FOTOB.jpg\" width=\"680\" style=\"display: block; margin-left: auto; margin-right: auto;\" srcset=\"https:\/\/diarioregionaldigital.com.br\/wp-content\/uploads\/2017\/10\/diario-int-20143-2.jpg 680w, https:\/\/diarioregionaldigital.com.br\/wp-content\/uploads\/2017\/10\/diario-int-20143-2-300x199.jpg 300w, https:\/\/diarioregionaldigital.com.br\/wp-content\/uploads\/2017\/10\/diario-int-20143-2-360x238.jpg 360w\" sizes=\"(max-width: 680px) 100vw, 680px\" \/>No Parque Halfeld na Feira \u201c\u00c9 Daqui\u201d, as quituteiras sem Gl\u00faten Alessandra Cupertino e Laila Hallack com Eduardo Gomes<\/p>\n<p style=\"text-align: center;\"><img decoding=\"async\" class=\" size-full wp-image-82715\" src=\"http:\/\/diarioregionaljf.com.br\/wp-content\/uploads\/2017\/10\/diario-int-20143-3.jpg\" alt=\"FOTOC.jpg\" width=\"680\" style=\"display: block; margin-left: auto; margin-right: auto;\" srcset=\"https:\/\/diarioregionaldigital.com.br\/wp-content\/uploads\/2017\/10\/diario-int-20143-3.jpg 680w, https:\/\/diarioregionaldigital.com.br\/wp-content\/uploads\/2017\/10\/diario-int-20143-3-300x199.jpg 300w, https:\/\/diarioregionaldigital.com.br\/wp-content\/uploads\/2017\/10\/diario-int-20143-3-360x238.jpg 360w\" sizes=\"(max-width: 680px) 100vw, 680px\" \/>Na 4\u00aa Risp, os delegados, Sheila Oliveira, Rog\u00e9rio de Melo Franco Assis Ara\u00fajo (Cidad\u00e3o Honor\u00e1rio de JF) e Patr\u00edcia Ribeiro<\/p>\n<p style=\"text-align: center;\"><img decoding=\"async\" class=\" size-full wp-image-82716\" src=\"http:\/\/diarioregionaljf.com.br\/wp-content\/uploads\/2017\/10\/diario-int-20143-4.jpg\" alt=\"FOTOD.jpg\" width=\"680\" style=\"display: block; margin-left: auto; margin-right: auto;\" srcset=\"https:\/\/diarioregionaldigital.com.br\/wp-content\/uploads\/2017\/10\/diario-int-20143-4.jpg 680w, https:\/\/diarioregionaldigital.com.br\/wp-content\/uploads\/2017\/10\/diario-int-20143-4-300x199.jpg 300w, https:\/\/diarioregionaldigital.com.br\/wp-content\/uploads\/2017\/10\/diario-int-20143-4-360x238.jpg 360w\" sizes=\"(max-width: 680px) 100vw, 680px\" \/>Na Academia Juiz-Forana de Letras, as escritoras, Maria Helena Sleutjes e Cecy Barbosa Campos<\/p>\n<p style=\"text-align: center;\"><img decoding=\"async\" class=\" size-full wp-image-82717\" src=\"http:\/\/diarioregionaljf.com.br\/wp-content\/uploads\/2017\/10\/diario-int-20143-5.jpg\" alt=\"FOTOE.jpg\" width=\"680\" style=\"display: block; margin-left: auto; margin-right: auto;\" srcset=\"https:\/\/diarioregionaldigital.com.br\/wp-content\/uploads\/2017\/10\/diario-int-20143-5.jpg 680w, https:\/\/diarioregionaldigital.com.br\/wp-content\/uploads\/2017\/10\/diario-int-20143-5-266x300.jpg 266w, https:\/\/diarioregionaldigital.com.br\/wp-content\/uploads\/2017\/10\/diario-int-20143-5-360x407.jpg 360w\" sizes=\"(max-width: 680px) 100vw, 680px\" \/>Bruno Bontempo, na Avalon<\/p>\n<p style=\"text-align: center;\"><img decoding=\"async\" class=\" size-full wp-image-82718\" src=\"http:\/\/diarioregionaljf.com.br\/wp-content\/uploads\/2017\/10\/diario-int-20143-6.jpg\" alt=\"FOTOF.jpg\" width=\"680\" style=\"display: block; margin-left: auto; margin-right: auto;\" srcset=\"https:\/\/diarioregionaldigital.com.br\/wp-content\/uploads\/2017\/10\/diario-int-20143-6.jpg 680w, https:\/\/diarioregionaldigital.com.br\/wp-content\/uploads\/2017\/10\/diario-int-20143-6-266x300.jpg 266w, https:\/\/diarioregionaldigital.com.br\/wp-content\/uploads\/2017\/10\/diario-int-20143-6-360x407.jpg 360w\" sizes=\"(max-width: 680px) 100vw, 680px\" \/>Fot\u00f3grafo Felipe Bolpato e modelo Ricardo Gavioli, na balada Rainbow Fest<\/p>\n<p style=\"text-align: center;\"><img decoding=\"async\" class=\" size-full wp-image-82719\" src=\"http:\/\/diarioregionaljf.com.br\/wp-content\/uploads\/2017\/10\/diario-int-20143-7.jpg\" alt=\"FOTOG.jpg\" width=\"680\" style=\"display: block; margin-left: auto; margin-right: auto;\" srcset=\"https:\/\/diarioregionaldigital.com.br\/wp-content\/uploads\/2017\/10\/diario-int-20143-7.jpg 680w, https:\/\/diarioregionaldigital.com.br\/wp-content\/uploads\/2017\/10\/diario-int-20143-7-300x199.jpg 300w, https:\/\/diarioregionaldigital.com.br\/wp-content\/uploads\/2017\/10\/diario-int-20143-7-360x238.jpg 360w\" sizes=\"(max-width: 680px) 100vw, 680px\" \/>Em noite de festa, Thaynara Fayer e Lucas Sales<\/p>\n<p style=\"text-align: center;\"><img decoding=\"async\" class=\" size-full wp-image-82720\" src=\"http:\/\/diarioregionaljf.com.br\/wp-content\/uploads\/2017\/10\/diario-int-20143-8.jpg\" alt=\"FOTOH.jpg\" width=\"680\" style=\"display: block; margin-left: auto; margin-right: auto;\" srcset=\"https:\/\/diarioregionaldigital.com.br\/wp-content\/uploads\/2017\/10\/diario-int-20143-8.jpg 680w, https:\/\/diarioregionaldigital.com.br\/wp-content\/uploads\/2017\/10\/diario-int-20143-8-300x199.jpg 300w, https:\/\/diarioregionaldigital.com.br\/wp-content\/uploads\/2017\/10\/diario-int-20143-8-360x238.jpg 360w\" sizes=\"(max-width: 680px) 100vw, 680px\" \/>Fazendo a festa no Quintal Bar, Delma Esteves, Vera Alice Tam e Cleiton Mello<\/p>\n<p style=\"text-align: center;\"><img decoding=\"async\" class=\" size-full wp-image-82721\" src=\"http:\/\/diarioregionaljf.com.br\/wp-content\/uploads\/2017\/10\/diario-int-20143-9.jpg\" alt=\"FOTOI.jpg\" width=\"680\" style=\"display: block; margin-left: auto; margin-right: auto;\" srcset=\"https:\/\/diarioregionaldigital.com.br\/wp-content\/uploads\/2017\/10\/diario-int-20143-9.jpg 680w, https:\/\/diarioregionaldigital.com.br\/wp-content\/uploads\/2017\/10\/diario-int-20143-9-300x199.jpg 300w, https:\/\/diarioregionaldigital.com.br\/wp-content\/uploads\/2017\/10\/diario-int-20143-9-360x238.jpg 360w\" sizes=\"(max-width: 680px) 100vw, 680px\" \/>Gente especial posando para esta coluna, Murilo Neder de Assis, Mirian Neder e Dirceu Falci<\/p>\n<p style=\"text-align: center;\"><img decoding=\"async\" class=\" size-full wp-image-82722\" src=\"http:\/\/diarioregionaljf.com.br\/wp-content\/uploads\/2017\/10\/diario-int-20143-10.jpg\" alt=\"FOTOJ.jpg\" width=\"680\" style=\"display: block; margin-left: auto; margin-right: auto;\" srcset=\"https:\/\/diarioregionaldigital.com.br\/wp-content\/uploads\/2017\/10\/diario-int-20143-10.jpg 680w, https:\/\/diarioregionaldigital.com.br\/wp-content\/uploads\/2017\/10\/diario-int-20143-10-300x199.jpg 300w, https:\/\/diarioregionaldigital.com.br\/wp-content\/uploads\/2017\/10\/diario-int-20143-10-360x238.jpg 360w\" sizes=\"(max-width: 680px) 100vw, 680px\" \/>O vereador de Al\u00e9m Para\u00edba, Afr\u00e2nio de Deus homenageando o vereador de Juiz de Fora, Dr. Adriano Miranda<\/p>\n<p class=\"h4\" style=\"text-align: center;\">FOTOSS\u00cdNTESE<\/p>\n<p>Aniversariando neste doming\u00e3o, 08\/10, a simp\u00e1tica Deise Lucide de Oliveira Santos. Parab\u00e9ns.<\/p>\n<p>Em cena feij\u00e3o-amigo, acontece neste domingo 08\/10, a Feijoada do Bloco dos Carteiros, no Ol\u00edmpico. No palco, Cariocas do Brejo e presen\u00e7a da Rainha do Carnaval.<\/p>\n<p>A Churrasqueira est\u00e1 completando 30 anos e j\u00e1 deu o ponta-a-p\u00e9 inicial para as comemora\u00e7\u00f5es. Merci pelo brinde.<\/p>\n<p>Elizabeth Mendon\u00e7a, profissional do Sal\u00e3o Preview participou de curso de penteado com o profissional da HSB Hair School Business, David Carvalho, em Vit\u00f3ria Esp\u00edrito Santo.<\/p>\n<p>Durante a Semana de Engenharia da UFJF 2017, o engenheiro Luiz Ant\u00f4nio Naresi J\u00fanior fez palestra com o tema \u201cExecu\u00e7\u00e3o de tubul\u00f5es a ar comprimido com camisa de concreto armado para funda\u00e7\u00f5es\u201d.<\/p>\n<p>Sandra Cordeiro e Mar\u00edlia Ferreira eram presen\u00e7as elegantes no churrasco do anivers\u00e1rio de Jos\u00e9 Rocha, em sua fazenda, perto de Coronel Pacheco.<\/p>\n<p>Juntando talento e criatividade, Ant\u00f4nio Mariz lan\u00e7ou seu livro \u201cCriando Causos\u201d, na Livraria Saraiva, do Independ\u00eancia Shopping.<\/p>\n<p>Ser\u00e1 no dia 28 de outubro, o casamento do bonito casal Stephen Vianna Whitaker e Gesane Luchesi. Eles se conheceram durante uma festa deste colunista.<\/p>\n<p>Est\u00e1 uma beleza a exposi\u00e7\u00e3o \u201cArte que nasce na fonte\u201d da artista pl\u00e1stica Mariza Fernandes, na Casa D\u2019It\u00e1lia.<\/p>\n<p>Ser\u00e1 dia 11, durante a Festa das Rosas, em Barbacena, o baile que reverencia a rainha das flores. A \u2018patronesse\u2019 ser\u00e1 Shirlene Moura, mulher do comandante da Epcar, brigadeiro-do-ar Jos\u00e9 Aguinaldo de Moura.<\/p>\n<p>Para compartilhar: Que as coisas boas da vida sejam atos e n\u00e3o simplesmente palavras. Sejam fatos e n\u00e3o simplesmente desejos!!! Bom dia.<\/p>\n","protected":false},"excerpt":{"rendered":"<p>AssuntoO Semin\u00e1rio Diversidade 2017, com o tema Somos Todos diferentes, prossegue no dia 11 de outubro, no plen\u00e1rio da C\u00e2mara Municipal de Juiz de Fora. O tema ser\u00e1 \u201cAss\u00e9dio moral no ambiente de trabalho\u201d. Os palestrantes ser\u00e3o D\u00e9bora Magalh\u00e3es Kirchmar, graduada em Administra\u00e7\u00e3o pela UFJF e Yuri Alexander Nogueira Gomes Nascimento, especialista em Filosofia do [&hellip;]<\/p>\n","protected":false},"author":96,"featured_media":82712,"comment_status":"closed","ping_status":"closed","sticky":false,"template":"","format":"standard","meta":{"footnotes":""},"categories":[264],"tags":[],"class_list":["post-82723","post","type-post","status-publish","format-standard","has-post-thumbnail","hentry","category-eduardo-gomes"],"_links":{"self":[{"href":"https:\/\/diarioregionaldigital.com.br\/index.php?rest_route=\/wp\/v2\/posts\/82723","targetHints":{"allow":["GET"]}}],"collection":[{"href":"https:\/\/diarioregionaldigital.com.br\/index.php?rest_route=\/wp\/v2\/posts"}],"about":[{"href":"https:\/\/diarioregionaldigital.com.br\/index.php?rest_route=\/wp\/v2\/types\/post"}],"author":[{"embeddable":true,"href":"https:\/\/diarioregionaldigital.com.br\/index.php?rest_route=\/wp\/v2\/users\/96"}],"replies":[{"embeddable":true,"href":"https:\/\/diarioregionaldigital.com.br\/index.php?rest_route=%2Fwp%2Fv2%2Fcomments&post=82723"}],"version-history":[{"count":0,"href":"https:\/\/diarioregionaldigital.com.br\/index.php?rest_route=\/wp\/v2\/posts\/82723\/revisions"}],"wp:featuredmedia":[{"embeddable":true,"href":"https:\/\/diarioregionaldigital.com.br\/index.php?rest_route=\/wp\/v2\/media\/82712"}],"wp:attachment":[{"href":"https:\/\/diarioregionaldigital.com.br\/index.php?rest_route=%2Fwp%2Fv2%2Fmedia&parent=82723"}],"wp:term":[{"taxonomy":"category","embeddable":true,"href":"https:\/\/diarioregionaldigital.com.br\/index.php?rest_route=%2Fwp%2Fv2%2Fcategories&post=82723"},{"taxonomy":"post_tag","embeddable":true,"href":"https:\/\/diarioregionaldigital.com.br\/index.php?rest_route=%2Fwp%2Fv2%2Ftags&post=82723"}],"curies":[{"name":"wp","href":"https:\/\/api.w.org\/{rel}","templated":true}]}}