{"id":82711,"date":"2017-10-06T22:12:51","date_gmt":"2017-10-07T01:12:51","guid":{"rendered":"http:\/\/diarioregionaljf.com.br\/2017\/10\/06\/inscricoes-para-a-feira-de-ciencias-da-ufjf-terminam-nesta-quarta\/"},"modified":"2017-10-06T22:12:51","modified_gmt":"2017-10-07T01:12:51","slug":"inscricoes-para-a-feira-de-ciencias-da-ufjf-terminam-nesta-quarta","status":"publish","type":"post","link":"https:\/\/diarioregionaldigital.com.br\/?p=82711","title":{"rendered":"Inscri\u00e7\u00f5es para a Feira de Ci\u00eancias da UFJF terminam nesta quarta"},"content":{"rendered":"<p>A Universidade Federal de Juiz de Fora (UFJF) realiza no dia 25 de outubro a 28\u00aa edi\u00e7\u00e3o da Feira de Ci\u00eancias do Departamento de F\u00edsica da institui\u00e7\u00e3o. O intuito \u00e9 atrair estudantes da Educa\u00e7\u00e3o B\u00e1sica para as \u00e1reas t\u00e9cnico-cient\u00edficas.<\/p>\n<p>\u201cA feira \u00e9 muito interessante e a gente fica feliz de poder realiz\u00e1-la. N\u00f3s j\u00e1 recebemos 600 alunos de v\u00e1rias faixas et\u00e1rias\u201d, disse o chefe do Departamento de F\u00edsica da UFJF, Maikel Ballester. \u201cNossa miss\u00e3o, como professor, \u00e9 que eles gostem de estar no ambiente universit\u00e1rio. J\u00e1 ouvi alunos comentando que nunca estiveram no campus e n\u00e3o sabiam o que era feito na Universidade\u201d, completou o professor universit\u00e1rio, em entrevista ao programa Mesa de Debates.<\/p>\n<p>A a\u00e7\u00e3o oferece \u00e0s escolas p\u00fablicas e privadas de Juiz de Fora e das cidades da regi\u00e3o a oportunidade de exibir seus trabalhos e a chance dos alunos participantes conheceram a UFJF e as possibilidades de carreira cientifica. \u201cOs estudantes participam de uma maneira l\u00fadica. Eles n\u00e3o seguem um roteiro, v\u00e3o porque querem. Temos alunos formados na Universidade que dizem que o primeiro contato com a institui\u00e7\u00e3o foi visitando a feira\u201d, afirmou Ballester.<\/p>\n<p>Em 2016, a institui\u00e7\u00e3o recebeu cerca de 100 experimentos, realizados por 500 alunos de 20 escolas. \u201cNa parte da manh\u00e3, eles v\u00e3o visitar o laborat\u00f3rio de ensino. Al\u00e9m disso, os mais velhos poder\u00e3o visitar o de pesquisa tamb\u00e9m. A apresenta\u00e7\u00e3o dos trabalhos ser\u00e1 na parte da tarde\u201d, explicou o professor.<\/p>\n<p>&nbsp;<\/p>\n<h4>AVALIA\u00c7\u00c3O E PREMIA\u00c7\u00c3O<\/h4>\n<p>A exposi\u00e7\u00e3o dos experimentos, produzidos pelos alunos, ser\u00e1 dividida em tr\u00eas categorias: A., destinada \u00e0s turmas at\u00e9 o 5\u00ba ano do Ensino Fundamental; B., do 6\u00ba ao 8\u00ba ano do Fundamental; e C., que vai do 9\u00ba ano do Fundamental ao 3\u00ba ano do Ensino M\u00e9dio ou T\u00e9cnico.<br \/>\u201cOs trabalhos ser\u00e3o avaliados de acordo com a faixa et\u00e1ria, o n\u00edvel de ensino e o grau de complexidade do projeto\u201d, disse Ballester. Os tr\u00eas melhores de cada categoria ser\u00e3o contemplados com premia\u00e7\u00f5es, assim como os professores orientadores do projeto.<\/p>\n<p>\u201cOs alunos mais velhos poder\u00e3o ganhar uma bolsa de Inicia\u00e7\u00e3o Cient\u00edfica Jr, devido ao apoio do CNPq ao evento. E o estudante que ficar em primeiro lugar vai representar a UFJF na Feira Brasileira de Ci\u00eancia e Engenharia (Febrace)\u201d, explicou. A bolsa de inicia\u00e7\u00e3o cient\u00edfica tem dura\u00e7\u00e3o de 11 meses.<\/p>\n<p>\u201cO objetivo maior n\u00e3o \u00e9 criar um campe\u00e3o da feira. Queremos que os participantes voltem para casa e pensem \u2018 hoje, eu conheci a UFJF, mais sobre ci\u00eancia e eu quero estudar f\u00edsica, matem\u00e1tica ou engenharia\u2019. A import\u00e2ncia desse incentivo inicial \u00e9 porque muito provavelmente esse anseio pelo conhecimento voc\u00ea vai ter na primeira fase do ensino\u201d, frisou o chefe do Departamento de F\u00edsica da UFJF.<\/p>\n<p>As inscri\u00e7\u00f5es est\u00e3o abertas e podem ser realizadas, pelos professores ou diretores das escolas, no formul\u00e1rio dispon\u00edvel no <a href=\"http:\/\/www.ufjf.br\/feiradeciencias\/contato\/\" target=\"_blank\" rel=\"noopener noreferrer\">site do evento<\/a>, at\u00e9 a pr\u00f3xima quarta-feira, 11. Feito isso, o restante da inscri\u00e7\u00e3o deve ser conclu\u00edda por e-mail. Cada escola poder\u00e1 concorrer com at\u00e9 10 trabalhos, de temas livres.<\/p>\n","protected":false},"excerpt":{"rendered":"<p>A Universidade Federal de Juiz de Fora (UFJF) realiza no dia 25 de outubro a 28\u00aa edi\u00e7\u00e3o da Feira de Ci\u00eancias do Departamento de F\u00edsica da institui\u00e7\u00e3o. O intuito \u00e9 atrair estudantes da Educa\u00e7\u00e3o B\u00e1sica para as \u00e1reas t\u00e9cnico-cient\u00edficas. \u201cA feira \u00e9 muito interessante e a gente fica feliz de poder realiz\u00e1-la. N\u00f3s j\u00e1 recebemos [&hellip;]<\/p>\n","protected":false},"author":96,"featured_media":82710,"comment_status":"closed","ping_status":"closed","sticky":false,"template":"","format":"standard","meta":{"footnotes":""},"categories":[253],"tags":[],"class_list":["post-82711","post","type-post","status-publish","format-standard","has-post-thumbnail","hentry","category-cidade"],"_links":{"self":[{"href":"https:\/\/diarioregionaldigital.com.br\/index.php?rest_route=\/wp\/v2\/posts\/82711","targetHints":{"allow":["GET"]}}],"collection":[{"href":"https:\/\/diarioregionaldigital.com.br\/index.php?rest_route=\/wp\/v2\/posts"}],"about":[{"href":"https:\/\/diarioregionaldigital.com.br\/index.php?rest_route=\/wp\/v2\/types\/post"}],"author":[{"embeddable":true,"href":"https:\/\/diarioregionaldigital.com.br\/index.php?rest_route=\/wp\/v2\/users\/96"}],"replies":[{"embeddable":true,"href":"https:\/\/diarioregionaldigital.com.br\/index.php?rest_route=%2Fwp%2Fv2%2Fcomments&post=82711"}],"version-history":[{"count":0,"href":"https:\/\/diarioregionaldigital.com.br\/index.php?rest_route=\/wp\/v2\/posts\/82711\/revisions"}],"wp:featuredmedia":[{"embeddable":true,"href":"https:\/\/diarioregionaldigital.com.br\/index.php?rest_route=\/wp\/v2\/media\/82710"}],"wp:attachment":[{"href":"https:\/\/diarioregionaldigital.com.br\/index.php?rest_route=%2Fwp%2Fv2%2Fmedia&parent=82711"}],"wp:term":[{"taxonomy":"category","embeddable":true,"href":"https:\/\/diarioregionaldigital.com.br\/index.php?rest_route=%2Fwp%2Fv2%2Fcategories&post=82711"},{"taxonomy":"post_tag","embeddable":true,"href":"https:\/\/diarioregionaldigital.com.br\/index.php?rest_route=%2Fwp%2Fv2%2Ftags&post=82711"}],"curies":[{"name":"wp","href":"https:\/\/api.w.org\/{rel}","templated":true}]}}