{"id":82709,"date":"2017-10-06T22:07:06","date_gmt":"2017-10-07T01:07:06","guid":{"rendered":"http:\/\/diarioregionaljf.com.br\/2017\/10\/06\/para-a-evolucao-da-associacao-dos-jovens\/"},"modified":"2018-04-16T08:09:56","modified_gmt":"2018-04-16T11:09:56","slug":"para-a-evolucao-da-associacao-dos-jovens","status":"publish","type":"post","link":"https:\/\/diarioregionaldigital.com.br\/?p=82709","title":{"rendered":"Para A Evolu\u00e7\u00e3o Da Associa\u00e7\u00e3o Dos Jovens"},"content":{"rendered":"<p style=\"text-align: center;\">O A uniao das for\u00e7as produz grande efici\u00eancia.<br \/>&#8220;Irm\u00e3o, n\u00e3o importa a sua idade, idealiza um grande sonho&#8221; &#8211; assim declamam os jovens seguidores do Pensamento Iluminador. Portanto, idealiza um sonho! Contudo, n\u00e3o basta idealiz\u00e1-lo. Se o sonho n\u00e3o for acompanhado de planejamento adequado e a\u00e7\u00e3o, indispens\u00e1veis \u00e0 sua concretiza\u00e7\u00e3o, ele n\u00e3o passar\u00e1 de mera imagina\u00e7\u00e3o. Antes de tudo, \u00e9 preciso concentrar a for\u00e7a para concretizar o sonho ideado. E n\u00e3o basta que cada um concentre isolada e individualmente a sua for\u00e7a. \u00c9 preciso que todos re\u00fanam suas for\u00e7as para levar adiante um objetivo comum, sem desperdi\u00e7ar a for\u00e7a individual. Mesmo que a for\u00e7a individual pare\u00e7a insuficiente, quando a pessoa tem ao seu lado companheiros e colegas que a estimulem e encorajem, ela recobra o \u00e2nimo, levanta-se, e consegue juntamente com esses companheiros caminhar em dire\u00e7\u00e3o \u00e0 luz.<br \/>\u00c0s vezes ouvimos falar de algum adepto do Movi-mento de Ilumina\u00e7\u00e3o da Humanidade que se distancia e acaba se desviando para um destino infeliz. Isto acontece com os que caminham sozinhos, sem dar a m\u00e3o aos com-panheiros do movimento. No come\u00e7o, parece que est\u00e1 bem assim. Mas o fato \u00e9 que no caminho da evolu\u00e7\u00e3o da f\u00e9 alternam-se &#8220;luzes&#8221; e &#8220;penumbras&#8221; &#8211; as fases de intensifica\u00e7\u00e3o da f\u00e9 e as de certo retraimento da f\u00e9. Se a pessoa, na fase de retraimento da f\u00e9, n\u00e3o estiver cami-nhando com os companheiros, poder\u00e1 ter dificuldade em reerguer-se. \u00c9 preciso, pois, participar de grupos do Movimento de Ilumina\u00e7\u00e3o da Humanidade para preservar a sua pr\u00f3pria f\u00e9. Cristo pregou a import\u00e2ncia da ora\u00e7\u00e3o individual, mas tamb\u00e9m pregou a for\u00e7a da f\u00e9 coletiva. Quanto maior \u00e9 a concentra\u00e7\u00e3o de pessoas, maior \u00e9 a for\u00e7a para atrair as pessoas, e tamb\u00e9m maior a for\u00e7a para salv\u00e1-Ias.<br \/>\u00c9 por isso que desejo que voc\u00ea, leitor, n\u00e3o se limite ao autoaprimoramento atrav\u00e9s da leitura. Re\u00fana-se a outros jovens, auxilie os &#8216;retardat\u00e1rios, encoraje ainda mais os l\u00edderes atrav\u00e9s de elogios, e amplie cada vez mais o Movimento de Ilumina\u00e7\u00e3o da Humanidade! A uni\u00e3o \u00e9 for\u00e7a, gera poder de atra\u00e7\u00e3o. Desejo que os jovens adeptos e simpatizantes da Seicho-No-Ie se re\u00fanam mensalmente para fazer a leitura conjunta dos t\u00f3picos deste livro e apresentar suas opini\u00f5es.<\/p>\n","protected":false},"excerpt":{"rendered":"<p>O A uniao das for\u00e7as produz grande efici\u00eancia.&#8220;Irm\u00e3o, n\u00e3o importa a sua idade, idealiza um grande sonho&#8221; &#8211; assim declamam os jovens seguidores do Pensamento Iluminador. Portanto, idealiza um sonho! Contudo, n\u00e3o basta idealiz\u00e1-lo. Se o sonho n\u00e3o for acompanhado de planejamento adequado e a\u00e7\u00e3o, indispens\u00e1veis \u00e0 sua concretiza\u00e7\u00e3o, ele n\u00e3o passar\u00e1 de mera imagina\u00e7\u00e3o. [&hellip;]<\/p>\n","protected":false},"author":96,"featured_media":0,"comment_status":"closed","ping_status":"closed","sticky":false,"template":"","format":"standard","meta":{"footnotes":""},"categories":[263],"tags":[],"class_list":["post-82709","post","type-post","status-publish","format-standard","hentry","category-jane-aragao"],"_links":{"self":[{"href":"https:\/\/diarioregionaldigital.com.br\/index.php?rest_route=\/wp\/v2\/posts\/82709","targetHints":{"allow":["GET"]}}],"collection":[{"href":"https:\/\/diarioregionaldigital.com.br\/index.php?rest_route=\/wp\/v2\/posts"}],"about":[{"href":"https:\/\/diarioregionaldigital.com.br\/index.php?rest_route=\/wp\/v2\/types\/post"}],"author":[{"embeddable":true,"href":"https:\/\/diarioregionaldigital.com.br\/index.php?rest_route=\/wp\/v2\/users\/96"}],"replies":[{"embeddable":true,"href":"https:\/\/diarioregionaldigital.com.br\/index.php?rest_route=%2Fwp%2Fv2%2Fcomments&post=82709"}],"version-history":[{"count":0,"href":"https:\/\/diarioregionaldigital.com.br\/index.php?rest_route=\/wp\/v2\/posts\/82709\/revisions"}],"wp:attachment":[{"href":"https:\/\/diarioregionaldigital.com.br\/index.php?rest_route=%2Fwp%2Fv2%2Fmedia&parent=82709"}],"wp:term":[{"taxonomy":"category","embeddable":true,"href":"https:\/\/diarioregionaldigital.com.br\/index.php?rest_route=%2Fwp%2Fv2%2Fcategories&post=82709"},{"taxonomy":"post_tag","embeddable":true,"href":"https:\/\/diarioregionaldigital.com.br\/index.php?rest_route=%2Fwp%2Fv2%2Ftags&post=82709"}],"curies":[{"name":"wp","href":"https:\/\/api.w.org\/{rel}","templated":true}]}}