{"id":82706,"date":"2017-10-06T21:05:20","date_gmt":"2017-10-07T00:05:20","guid":{"rendered":"http:\/\/diarioregionaljf.com.br\/2017\/10\/06\/sistema-fiemg-inaugura-obras-de-ampliacao-e-modernizacao-da-unidade-senai-em-cataguases\/"},"modified":"2017-10-06T21:05:20","modified_gmt":"2017-10-07T00:05:20","slug":"sistema-fiemg-inaugura-obras-de-ampliacao-e-modernizacao-da-unidade-senai-em-cataguases","status":"publish","type":"post","link":"https:\/\/diarioregionaldigital.com.br\/?p=82706","title":{"rendered":"Sistema FIEMG inaugura obras de amplia\u00e7\u00e3o e moderniza\u00e7\u00e3o da unidade SENAI em Cataguases"},"content":{"rendered":"<p>O Sistema Federa\u00e7\u00e3o das Ind\u00fastrias do Estado de Minas Gerais (FIEMG) inaugura nesta segunda-feira, 9, \u00e0s 10h, as obras de amplia\u00e7\u00e3o e moderniza\u00e7\u00e3o das instala\u00e7\u00f5es da unidade SENAI Centro de Forma\u00e7\u00e3o Profissional \u201cJos\u00e9 Ign\u00e1cio Peixoto\u201d, em Cataguases. A escola recebeu cerca de R$6,5 milh\u00f5es de investimento, que inclui a constru\u00e7\u00e3o de uma biblioteca, novas salas de aula, oficinas e modernos laborat\u00f3rios. A cerim\u00f4nia contar\u00e1 com a presen\u00e7a do presidente do Sistema FIEMG, Olavo Machado Junior; do presidente da FIEMG Regional Zona da Mata, Francisco Campolina; do prefeito municipal de Cataguases, Willian Lobo de Almeida; al\u00e9m de autoridades pol\u00edticas e lideran\u00e7as empresariais da regi\u00e3o.<\/p>\n<p>O SENAI de Cataguases foi fundado em 15 de julho de 1950, sendo a 5\u00aa unidade operacional de Minas Gerais, e est\u00e1 completando 67 anos. Iniciou seu funcionamento com os cursos de Aprendizagem Industrial em Marcenaria, Tornearia e Ajustagem, e atualmente atende o munic\u00edpio e regi\u00e3o com cursos T\u00e9cnicos, de Aprendizagem Industrial, Qualifica\u00e7\u00e3o e Aperfei\u00e7oamento Profissional nas \u00e1reas de Metalomec\u00e2nica, Eletroeletr\u00f4nica, Inform\u00e1tica, Gest\u00e3o, T\u00eaxtil e Vestu\u00e1rio, al\u00e9m da presta\u00e7\u00e3o de servi\u00e7os de Tecnologia e Inova\u00e7\u00e3o. S\u00f3 este ano, 906 alunos j\u00e1 conclu\u00edram algum curso nas diversas modalidades oferecidas pela escola.<\/p>\n<p>De acordo com o gerente da unidade, Juarez Boari, com a execu\u00e7\u00e3o do projeto de amplia\u00e7\u00e3o, reforma e moderniza\u00e7\u00e3o, o SENAI Cataguases otimizou os servi\u00e7os prestados e ampliou o atendimento \u00e0s ind\u00fastrias da regi\u00e3o em qualidade e agilidade. \u201cHouve um acr\u00e9scimo de 600 m\u00b2 de \u00e1rea constru\u00edda, totalizando 2.400m\u00b2, e aumentamos nossa capacidade de atendimento de 750 para 1800 alunos por ano\u201d, destaca Juarez.<\/p>\n<p>Entre as benfeitorias realizadas, est\u00e3o a amplia\u00e7\u00e3o da Recep\u00e7\u00e3o com a triplica\u00e7\u00e3o do fluxo de atendimento; amplia\u00e7\u00e3o das instala\u00e7\u00f5es sanit\u00e1rias para alunos e funcion\u00e1rios; amplia\u00e7\u00e3o e reforma das \u00e1reas administrativas; constru\u00e7\u00e3o de uma Biblioteca (100 m\u00b2); constru\u00e7\u00e3o de um galp\u00e3o para a amplia\u00e7\u00e3o das oficinas de Metalmec\u00e2nica; adequa\u00e7\u00e3o de ambientes com o aumento da \u00e1rea dos laborat\u00f3rios de Inform\u00e1tica, Eletr\u00f4nica, El\u00e9trica Predial e Industrial; constru\u00e7\u00e3o do Laborat\u00f3rio de Instrumenta\u00e7\u00e3o e Controle para atendimento ao curso de Mecatr\u00f4nica e Automa\u00e7\u00e3o; constru\u00e7\u00e3o de infraestrutura de acessibilidade para pessoas com defici\u00eancia (rampas de acesso, elevador e instala\u00e7\u00f5es sanit\u00e1rias); amplia\u00e7\u00e3o do n\u00famero de salas de aula e reforma das demais, totalizando 11 salas de aula totalmente climatizadas; amplia\u00e7\u00e3o da oficina de Costura Industrial e cria\u00e7\u00e3o da oficina de Modelagem.<\/p>\n<p>&nbsp;<\/p>\n<p><strong>Evento<\/strong>: Inaugura\u00e7\u00e3o das obras de amplia\u00e7\u00e3o e moderniza\u00e7\u00e3o da unidade SENAI Centro de Forma\u00e7\u00e3o Profissional \u201cJos\u00e9 Ign\u00e1cio Peixoto\u201d, em Cataguases.<br \/><strong>Data<\/strong>: 9 de outubro de 2017 (segunda-feira)<br \/><strong>Hor\u00e1rio<\/strong>: 10h<br \/><strong>Local<\/strong>: Rua Gama Cerqueira, n\u00ba281, Centro, Cataguases (MG)<\/p>\n<p>&nbsp;<\/p>\n<p>Fonte: Assessoria<\/p>\n","protected":false},"excerpt":{"rendered":"<p>O Sistema Federa\u00e7\u00e3o das Ind\u00fastrias do Estado de Minas Gerais (FIEMG) inaugura nesta segunda-feira, 9, \u00e0s 10h, as obras de amplia\u00e7\u00e3o e moderniza\u00e7\u00e3o das instala\u00e7\u00f5es da unidade SENAI Centro de Forma\u00e7\u00e3o Profissional \u201cJos\u00e9 Ign\u00e1cio Peixoto\u201d, em Cataguases. A escola recebeu cerca de R$6,5 milh\u00f5es de investimento, que inclui a constru\u00e7\u00e3o de uma biblioteca, novas salas [&hellip;]<\/p>\n","protected":false},"author":96,"featured_media":82705,"comment_status":"closed","ping_status":"closed","sticky":false,"template":"","format":"standard","meta":{"footnotes":""},"categories":[252],"tags":[],"class_list":["post-82706","post","type-post","status-publish","format-standard","has-post-thumbnail","hentry","category-regiao"],"_links":{"self":[{"href":"https:\/\/diarioregionaldigital.com.br\/index.php?rest_route=\/wp\/v2\/posts\/82706","targetHints":{"allow":["GET"]}}],"collection":[{"href":"https:\/\/diarioregionaldigital.com.br\/index.php?rest_route=\/wp\/v2\/posts"}],"about":[{"href":"https:\/\/diarioregionaldigital.com.br\/index.php?rest_route=\/wp\/v2\/types\/post"}],"author":[{"embeddable":true,"href":"https:\/\/diarioregionaldigital.com.br\/index.php?rest_route=\/wp\/v2\/users\/96"}],"replies":[{"embeddable":true,"href":"https:\/\/diarioregionaldigital.com.br\/index.php?rest_route=%2Fwp%2Fv2%2Fcomments&post=82706"}],"version-history":[{"count":0,"href":"https:\/\/diarioregionaldigital.com.br\/index.php?rest_route=\/wp\/v2\/posts\/82706\/revisions"}],"wp:featuredmedia":[{"embeddable":true,"href":"https:\/\/diarioregionaldigital.com.br\/index.php?rest_route=\/wp\/v2\/media\/82705"}],"wp:attachment":[{"href":"https:\/\/diarioregionaldigital.com.br\/index.php?rest_route=%2Fwp%2Fv2%2Fmedia&parent=82706"}],"wp:term":[{"taxonomy":"category","embeddable":true,"href":"https:\/\/diarioregionaldigital.com.br\/index.php?rest_route=%2Fwp%2Fv2%2Fcategories&post=82706"},{"taxonomy":"post_tag","embeddable":true,"href":"https:\/\/diarioregionaldigital.com.br\/index.php?rest_route=%2Fwp%2Fv2%2Ftags&post=82706"}],"curies":[{"name":"wp","href":"https:\/\/api.w.org\/{rel}","templated":true}]}}