{"id":82704,"date":"2017-10-06T20:44:11","date_gmt":"2017-10-06T23:44:11","guid":{"rendered":"http:\/\/diarioregionaljf.com.br\/2017\/10\/06\/stf-autoriza-envio-aos-eua-de-celulares-de-investigados-ligados-a-aecio\/"},"modified":"2017-10-06T20:44:11","modified_gmt":"2017-10-06T23:44:11","slug":"stf-autoriza-envio-aos-eua-de-celulares-de-investigados-ligados-a-aecio","status":"publish","type":"post","link":"https:\/\/diarioregionaldigital.com.br\/?p=82704","title":{"rendered":"STF autoriza envio aos EUA de celulares de investigados ligados a A\u00e9cio"},"content":{"rendered":"<p>O ministro do Supremo Tribunal Federal (STF) Marco Aur\u00e9lio Mello autorizou nessa sexta-feira, 6, a Pol\u00edcia Federal (PF) a enviar aos Estados Unidos aparelhos celulares apreendidos na Opera\u00e7\u00e3o Patmos, deflagrada a partir das dela\u00e7\u00f5es da JBS. Com a decis\u00e3o, a PF vai enviar um perito ao exterior para tentar desbloquear celulares que foram apreendidos com alvos da opera\u00e7\u00e3o ligados ao senador A\u00e9cio Neves (PSDB-MG).<\/p>\n<p>O pedido da PF envolve Frederico Pacheco e Andrea Neves, primo e irm\u00e3 do parlamentar, presos em maio, quando a opera\u00e7\u00e3o foi realizada. Os dois cumprem pris\u00e3o domiciliar por determina\u00e7\u00e3o do Supremo.<\/p>\n<p>Segundo a Pol\u00edcia Federal, os peritos n\u00e3o conseguiram acessar os dados do celular, que est\u00e3o protegidos por uma senha pessoal.<\/p>\n<p>Ao autorizar o envio do aparelho aos Estados Unidos, o ministro disse que os investigados poder\u00e3o facilitar as investiga\u00e7\u00f5es e fornecer a senha aos peritos da PF.<\/p>\n<p>\u201cDefiro o pedido formulado pela autoridade policial, autorizando o encaminhamento do material apreendido para verifica\u00e7\u00e3o da viabilidade de extra\u00e7\u00e3o dos dados no exterior, sem preju\u00edzo de os detentores dos aparelhos virem a fornecer, espontaneamente, colaborando para o esclarecimento dos fatos, as senhas necess\u00e1rias ao acesso pretendido\u201d, decidiu Marco Aur\u00e9lio.<\/p>\n<p>Fonte: Ag\u00eancia Brasil<\/p>\n","protected":false},"excerpt":{"rendered":"<p>O ministro do Supremo Tribunal Federal (STF) Marco Aur\u00e9lio Mello autorizou nessa sexta-feira, 6, a Pol\u00edcia Federal (PF) a enviar aos Estados Unidos aparelhos celulares apreendidos na Opera\u00e7\u00e3o Patmos, deflagrada a partir das dela\u00e7\u00f5es da JBS. Com a decis\u00e3o, a PF vai enviar um perito ao exterior para tentar desbloquear celulares que foram apreendidos com [&hellip;]<\/p>\n","protected":false},"author":96,"featured_media":82703,"comment_status":"closed","ping_status":"closed","sticky":false,"template":"","format":"standard","meta":{"footnotes":""},"categories":[254],"tags":[],"class_list":["post-82704","post","type-post","status-publish","format-standard","has-post-thumbnail","hentry","category-politica"],"_links":{"self":[{"href":"https:\/\/diarioregionaldigital.com.br\/index.php?rest_route=\/wp\/v2\/posts\/82704","targetHints":{"allow":["GET"]}}],"collection":[{"href":"https:\/\/diarioregionaldigital.com.br\/index.php?rest_route=\/wp\/v2\/posts"}],"about":[{"href":"https:\/\/diarioregionaldigital.com.br\/index.php?rest_route=\/wp\/v2\/types\/post"}],"author":[{"embeddable":true,"href":"https:\/\/diarioregionaldigital.com.br\/index.php?rest_route=\/wp\/v2\/users\/96"}],"replies":[{"embeddable":true,"href":"https:\/\/diarioregionaldigital.com.br\/index.php?rest_route=%2Fwp%2Fv2%2Fcomments&post=82704"}],"version-history":[{"count":0,"href":"https:\/\/diarioregionaldigital.com.br\/index.php?rest_route=\/wp\/v2\/posts\/82704\/revisions"}],"wp:featuredmedia":[{"embeddable":true,"href":"https:\/\/diarioregionaldigital.com.br\/index.php?rest_route=\/wp\/v2\/media\/82703"}],"wp:attachment":[{"href":"https:\/\/diarioregionaldigital.com.br\/index.php?rest_route=%2Fwp%2Fv2%2Fmedia&parent=82704"}],"wp:term":[{"taxonomy":"category","embeddable":true,"href":"https:\/\/diarioregionaldigital.com.br\/index.php?rest_route=%2Fwp%2Fv2%2Fcategories&post=82704"},{"taxonomy":"post_tag","embeddable":true,"href":"https:\/\/diarioregionaldigital.com.br\/index.php?rest_route=%2Fwp%2Fv2%2Ftags&post=82704"}],"curies":[{"name":"wp","href":"https:\/\/api.w.org\/{rel}","templated":true}]}}