{"id":82702,"date":"2017-10-06T20:37:29","date_gmt":"2017-10-06T23:37:29","guid":{"rendered":"http:\/\/diarioregionaljf.com.br\/2017\/10\/06\/a-escola-dos-nossos-sonhos\/"},"modified":"2018-04-16T08:04:58","modified_gmt":"2018-04-16T11:04:58","slug":"a-escola-dos-nossos-sonhos","status":"publish","type":"post","link":"https:\/\/diarioregionaldigital.com.br\/?p=82702","title":{"rendered":"A escola dos nossos sonhos"},"content":{"rendered":"<p>Quando fomos apresentados a Duda Falc\u00e3o, diretora da escola Eleva de Educa\u00e7\u00e3o B\u00e1sica, o m\u00ednimo que ela diz \u00e9 que se trata, em Botafogo, da escola dos nossos sonhos. De fato, a visita \u00e9 enriquecedora, pois na verdade \u00e9 um maravilhoso reencontro. Naquelas instala\u00e7\u00f5es j\u00e1 funcionaram, com milhares de alunos, o Col\u00e9gio Anglo Americano e a Sesat, institui\u00e7\u00e3o de ensino superior, com os seus cursos de Administra\u00e7\u00e3o, Com\u00e9rcio Exterior e Inform\u00e1tica. Tivemos o prazer de participar desses projetos pedag\u00f3gicos.<\/p>\n<p>Hoje, depois de uma temporada da Casa Daros de Cultura, a casa hist\u00f3rica na Rua General Severiano, com as naturais adapta\u00e7\u00f5es, sobretudo a biblioteca e os laborat\u00f3rios, funciona como uma escola do futuro, com 370 alunos de ensino fundamental. No ano pr\u00f3ximo j\u00e1 ser\u00e3o mais de 1.000 alunos, pois a procura \u00e9 imensa e, ent\u00e3o, j\u00e1 estar\u00e3o estabelecidos todos os cursos de educa\u00e7\u00e3o b\u00e1sica, no hor\u00e1rio integral de 7h45 \u00e0s 16h10.<\/p>\n<p>Uma proveitosa conversa com os diretores Duda Falc\u00e3o, Amaral Cunha e Isabella S\u00e1 permite observar que se trata de uma escola brasileira, conduzida pela genialidade de Jorge Paulo Lehman. Ser\u00e1 bil\u00edngue, em tempo integral. Os seus dirigentes preocupam-se com a quest\u00e3o social e pensam o futuro daqui a cinco e dez anos, conduzindo o curr\u00edculo de modo adequado, em contato \u00edntimo com os pais dos alunos. Eles s\u00e3o chamados sistematicamente \u00e0 escola, para tomar conhecimento do andamento das a\u00e7\u00f5es, dentro dos tr\u00eas pilares fundamentais que nos s\u00e3o revelados por Duda Falc\u00e3o: excel\u00eancia acad\u00eamica, intelig\u00eancia de vida e cidadania global, este \u00faltimo significando o contato do aluno com o mundo.<\/p>\n<p>Vimos a escola em funcionamento. D\u00e1 para reparar que no trabalho o aluno \u00e9 protagonista e n\u00e3o o professor. A escola \u00e9 bil\u00edngue, mas os seus professores consideram que, na verdade, \u00e9 tril\u00edngue, se considerarmos a Matem\u00e1tica como uma terceira l\u00edngua. Aulas de medita\u00e7\u00e3o podem ser observadas em meio ao expediente, com um agudo interesse por parte dos alunos. O mesmo pode ser dito com respeito a rob\u00f3tica. O laborat\u00f3rio \u00e9 muito visitado, inclusive depois do hor\u00e1rio das aulas, para a montagem de projetos desenvolvidos pelos alunos, como foi o caso por n\u00f3s observado de uma bela m\u00e1quina impressora em 3D. Falando fluentemente portugu\u00eas e ingl\u00eas, a garotada exercitava suas habilidades, com indiscut\u00edvel efic\u00e1cia.<\/p>\n<p>Hoje, no Brasil, o Grupo Eleva Educa\u00e7\u00e3o tem 90 escolas e 45 mil alunos. At\u00e9 a 7\u00aa s\u00e9rie do ensino fundamental a escola cede o computador aos seus alunos. A partir da\u00ed, eles \u00e9 que trazem a m\u00e1quina, com a qual ir\u00e3o se habilitar para o exerc\u00edcio das profiss\u00f5es do futuro.<\/p>\n<p>A Escola Eleva est\u00e1 preparada para oferecer ao aluno, a partir do 9\u00ba ano, um conjunto de disciplinas opcionais em portugu\u00eas e ingl\u00eas, com o objetivo de permitir que ele explore e conhe\u00e7a melhor diferentes \u00e1reas do saber, para decidir que rumo tomar. De sa\u00edda, pode escolher um desses quatro caminhos: Empreendedorismo e Neg\u00f3cios, Sociedade e Cultura, Criatividade e Comunica\u00e7\u00e3o, An\u00e1lise de Dados e L\u00f3gica. Trata-se de um bel\u00edssimo projeto pedag\u00f3gico.<\/p>\n","protected":false},"excerpt":{"rendered":"<p>Quando fomos apresentados a Duda Falc\u00e3o, diretora da escola Eleva de Educa\u00e7\u00e3o B\u00e1sica, o m\u00ednimo que ela diz \u00e9 que se trata, em Botafogo, da escola dos nossos sonhos. De fato, a visita \u00e9 enriquecedora, pois na verdade \u00e9 um maravilhoso reencontro. Naquelas instala\u00e7\u00f5es j\u00e1 funcionaram, com milhares de alunos, o Col\u00e9gio Anglo Americano e [&hellip;]<\/p>\n","protected":false},"author":96,"featured_media":0,"comment_status":"closed","ping_status":"closed","sticky":false,"template":"","format":"standard","meta":{"footnotes":""},"categories":[275],"tags":[],"class_list":["post-82702","post","type-post","status-publish","format-standard","hentry","category-arnaldo-niskier"],"_links":{"self":[{"href":"https:\/\/diarioregionaldigital.com.br\/index.php?rest_route=\/wp\/v2\/posts\/82702","targetHints":{"allow":["GET"]}}],"collection":[{"href":"https:\/\/diarioregionaldigital.com.br\/index.php?rest_route=\/wp\/v2\/posts"}],"about":[{"href":"https:\/\/diarioregionaldigital.com.br\/index.php?rest_route=\/wp\/v2\/types\/post"}],"author":[{"embeddable":true,"href":"https:\/\/diarioregionaldigital.com.br\/index.php?rest_route=\/wp\/v2\/users\/96"}],"replies":[{"embeddable":true,"href":"https:\/\/diarioregionaldigital.com.br\/index.php?rest_route=%2Fwp%2Fv2%2Fcomments&post=82702"}],"version-history":[{"count":0,"href":"https:\/\/diarioregionaldigital.com.br\/index.php?rest_route=\/wp\/v2\/posts\/82702\/revisions"}],"wp:attachment":[{"href":"https:\/\/diarioregionaldigital.com.br\/index.php?rest_route=%2Fwp%2Fv2%2Fmedia&parent=82702"}],"wp:term":[{"taxonomy":"category","embeddable":true,"href":"https:\/\/diarioregionaldigital.com.br\/index.php?rest_route=%2Fwp%2Fv2%2Fcategories&post=82702"},{"taxonomy":"post_tag","embeddable":true,"href":"https:\/\/diarioregionaldigital.com.br\/index.php?rest_route=%2Fwp%2Fv2%2Ftags&post=82702"}],"curies":[{"name":"wp","href":"https:\/\/api.w.org\/{rel}","templated":true}]}}