{"id":82701,"date":"2017-10-06T20:35:45","date_gmt":"2017-10-06T23:35:45","guid":{"rendered":"http:\/\/diarioregionaljf.com.br\/2017\/10\/06\/violencia-externa-x-interna\/"},"modified":"2017-10-06T20:35:45","modified_gmt":"2017-10-06T23:35:45","slug":"violencia-externa-x-interna","status":"publish","type":"post","link":"https:\/\/diarioregionaldigital.com.br\/?p=82701","title":{"rendered":"Viol\u00eancia externa X interna"},"content":{"rendered":"<p>Em nossas conversas, com s\u00edndicos, condom\u00ednios e moradores, sentimos a preocupa\u00e7\u00e3o com a viol\u00eancia, da\u00ed vamos analis\u00e1-la sob dois aspectos: viol\u00eancia externa (rua), que \u00e9 de responsabilidade dos poderes p\u00fablicos, municipal estadual e federal. Nos condom\u00ednios, em primeiro lugar, \u00e9 preciso ter porteiros treinados de forma continua e bem posicionados, com vis\u00e3o ampla de todo o espa\u00e7o, permitindo identifica\u00e7\u00f5es de pessoas de todo espa\u00e7o, bem como de pessoas e ve\u00edculos do pr\u00e9dio. Outro ponto \u00e9 realizar parcerias com os condom\u00ednios vizinhos aderindo ao projeto da Pol\u00edcia Militar \u201cVizinhan\u00e7a Solid\u00e1ria\u201d. Neste caso, os porteiros comunicar-se-iam entre si, (grupo WhatsApp) sempre que notarem algo anormal na redondeza, acionando a pol\u00edcia para averigua\u00e7\u00e3o.<\/p>\n<p>Sentimos nas conversas que n\u00e3o se observa a viol\u00eancia interna, que se caracteriza em diversos atos praticados dentro dos condom\u00ednios, como abuso de poder, inadimpl\u00eancia, barulho, uso inadequado de \u00e1rea comum, aus\u00eancia nas assembleias, uso inadequado de procura\u00e7\u00f5es, forma\u00e7\u00e3o de grupos, intoler\u00e2ncia, obras sem aprova\u00e7\u00e3o dentro do quorum estabelecido em leis, e outras tantas mais. Estamos comentando a viol\u00eancia interna, para que nos permitam discutir como os s\u00edndicos podem agir nas mais diversas ocasi\u00f5es, levando-os a usarem sua lideran\u00e7a de forma humana e eficaz na solu\u00e7\u00e3o dos problemas.<\/p>\n<p>Em primeiro lugar, o s\u00edndico deve ser \u00e9tico, coerente e transparente. Ainda que algumas pessoas n\u00e3o percebam, muitas vezes ele tem o v\u00edcio de dar desculpas, usando de justificativas, quando deixa de fazer algo por comodidade ou por falta de an\u00e1lise de prioridade, ou seja, deixa de fazer o que o condom\u00ednio realmente precisa. Desta forma, o s\u00edndico n\u00e3o assume a verdadeira raz\u00e3o de sua inefici\u00eancia perante os moradores e de si mesmo. Outra quest\u00e3o \u00e9 altera\u00e7\u00e3o, pelo condom\u00ednio, em \u00e1reas comuns ou fachadas, que exige unanimidade para sua realiza\u00e7\u00e3o.<br \/>\u00c9 importante observarmos o magist\u00e9rio de Caio M\u00e1rio: \u201cAs obras que modifiquem a fachada requerem aprova\u00e7\u00e3o un\u00e2nime dos cond\u00f4minos\u201d. Por ser o que determinam as leis, ter\u00e1 que haver o consenso de todos os cond\u00f4minos na assembleia para deliberar pela utiliza\u00e7\u00e3o de \u201cinova\u00e7\u00e3o\u201d que altere a fachada.<\/p>\n<p>Conforme abordamos no artigo passado, a gest\u00e3o condominial deve ter conhecimento e versatilidade na condu\u00e7\u00e3o de cargo, uma vez que existe um interdisciplinarismo para que possa atuar na busca de solu\u00e7\u00f5es dos problemas.<br \/>Existe uma diferen\u00e7a entre o gestor vencedor que respeita aqueles que questionam e tenta aprender com eles. O gestor sem preparo ressente-se daqueles que lhe questionam e tenta achar defeitos neles. Outra diferen\u00e7a \u00e9 o gestor preparado, que pensa e diz: \u201cdeve existir uma maneira melhor de se fazer isto\u201d. O gestor despreparado diz: \u201cPor que mudar? Esta \u00e9 a maneira pela qual isto sempre foi feito\u201d.<\/p>\n<p>Possivelmente as minhas observa\u00e7\u00f5es sejam criticadas, mas, a verdade, nua e crua, \u00e9 que conhecimento sem a\u00e7\u00e3o, sem resultados, n\u00e3o tem valor para coletividade.<\/p>\n<p>Conclamos aos s\u00edndicos, conselheiros e cond\u00f4minos que participem do Dia do S\u00edndico no pr\u00f3ximo m\u00eas, no di 25 de novembro. \u00c9 preciso sair do comodismo para que o seu condom\u00ednio seja eficaz.<\/p>\n<p>At\u00e9 o pr\u00f3ximo!<\/p>\n<p>______________________________________________________________________________________________________________________________________________________________________________________________________________<\/p>\n<p style=\"text-align: center;\"><strong>Tirando todas as d\u00favidas<\/strong><\/p>\n<p style=\"text-align: center;\">Respostas por Fl\u00e1vio Almeida Chaves Pereira &#8211; Consultor Condominial<\/p>\n<p style=\"text-align: center;\">Email:&nbsp;<a href=\"mailto:tirandotodasduvidas@gmail.com\">tirandotodasduvidas@gmail.com<\/a><\/p>\n<p>&nbsp;<\/p>\n<p><strong>Aureo Silva<\/strong>: Em nome de seguran\u00e7a pode o condom\u00ednio fechar \u00e1rea comum?<\/p>\n<p><strong>Resp<\/strong>: As normas de seguran\u00e7a n\u00e3o podem prejudicar a livre circula\u00e7\u00e3o das pessoas, com perigo de vida em caso de inc\u00eandio ou qualquer outro sinistro. O assunto precisa ser discutido em assembleia, para uma solu\u00e7\u00e3o que atenda a seguran\u00e7a sem preju\u00edzo da livre circula\u00e7\u00e3o.<\/p>\n<p>&nbsp;<\/p>\n<p><strong>Marco Aurelio<\/strong>: Gostaria de saber da cobran\u00e7a de multa por atraso da taxa mensal.<\/p>\n<p><strong>Resp:<\/strong> A partir de 11 de janeiro de 2003, o valor da multa pelo atraso nas cotas condominiais \u00e9 de 2%, de acordo com o novo C\u00f3digo Civil. At\u00e9 10 de janeiro de 2003, prevalecia a multa prevista na conven\u00e7\u00e3o do condom\u00ednio, que podia ser em percentual equivalente a at\u00e9 20%. No caso de d\u00e9bitos j\u00e1 existentes, o crit\u00e9rio de cobran\u00e7a ser\u00e1 valor ate 10 de janeiro de 2003, o restante, apenas 2%.<\/p>\n<p>&nbsp;<\/p>\n","protected":false},"excerpt":{"rendered":"<p>Em nossas conversas, com s\u00edndicos, condom\u00ednios e moradores, sentimos a preocupa\u00e7\u00e3o com a viol\u00eancia, da\u00ed vamos analis\u00e1-la sob dois aspectos: viol\u00eancia externa (rua), que \u00e9 de responsabilidade dos poderes p\u00fablicos, municipal estadual e federal. Nos condom\u00ednios, em primeiro lugar, \u00e9 preciso ter porteiros treinados de forma continua e bem posicionados, com vis\u00e3o ampla de todo [&hellip;]<\/p>\n","protected":false},"author":96,"featured_media":0,"comment_status":"closed","ping_status":"closed","sticky":false,"template":"","format":"standard","meta":{"footnotes":""},"categories":[297],"tags":[],"class_list":["post-82701","post","type-post","status-publish","format-standard","hentry","category-jose-maria-braz-pereira"],"_links":{"self":[{"href":"https:\/\/diarioregionaldigital.com.br\/index.php?rest_route=\/wp\/v2\/posts\/82701","targetHints":{"allow":["GET"]}}],"collection":[{"href":"https:\/\/diarioregionaldigital.com.br\/index.php?rest_route=\/wp\/v2\/posts"}],"about":[{"href":"https:\/\/diarioregionaldigital.com.br\/index.php?rest_route=\/wp\/v2\/types\/post"}],"author":[{"embeddable":true,"href":"https:\/\/diarioregionaldigital.com.br\/index.php?rest_route=\/wp\/v2\/users\/96"}],"replies":[{"embeddable":true,"href":"https:\/\/diarioregionaldigital.com.br\/index.php?rest_route=%2Fwp%2Fv2%2Fcomments&post=82701"}],"version-history":[{"count":0,"href":"https:\/\/diarioregionaldigital.com.br\/index.php?rest_route=\/wp\/v2\/posts\/82701\/revisions"}],"wp:attachment":[{"href":"https:\/\/diarioregionaldigital.com.br\/index.php?rest_route=%2Fwp%2Fv2%2Fmedia&parent=82701"}],"wp:term":[{"taxonomy":"category","embeddable":true,"href":"https:\/\/diarioregionaldigital.com.br\/index.php?rest_route=%2Fwp%2Fv2%2Fcategories&post=82701"},{"taxonomy":"post_tag","embeddable":true,"href":"https:\/\/diarioregionaldigital.com.br\/index.php?rest_route=%2Fwp%2Fv2%2Ftags&post=82701"}],"curies":[{"name":"wp","href":"https:\/\/api.w.org\/{rel}","templated":true}]}}