{"id":82532,"date":"2017-10-04T20:39:23","date_gmt":"2017-10-04T23:39:23","guid":{"rendered":"http:\/\/diarioregionaljf.com.br\/2017\/10\/04\/ufjf-oferece-curso-de-esportes-e-atividades-fisicas-inclusivas-para-pessoas-com-deficiencia\/"},"modified":"2017-10-04T20:39:23","modified_gmt":"2017-10-04T23:39:23","slug":"ufjf-oferece-curso-de-esportes-e-atividades-fisicas-inclusivas-para-pessoas-com-deficiencia","status":"publish","type":"post","link":"https:\/\/diarioregionaldigital.com.br\/?p=82532","title":{"rendered":"UFJF oferece curso de Esportes e Atividades F\u00edsicas Inclusivas para Pessoas com Defici\u00eancia"},"content":{"rendered":"<p>Interessados em cursar Esportes e Atividades F\u00edsicas Inclusivas para Pessoas com Defici\u00eancia t\u00eam at\u00e9 o pr\u00f3ximo dia 21 para efetuar<a href=\"http:\/\/sistemascead.ufjf.br\/proceg\/inscricao\/editaiscorrentes.zul\" target=\"_blank\" rel=\"noopener noreferrer\"> inscri\u00e7\u00e3o<\/a>. O curso, em n\u00edvel de especializa\u00e7\u00e3o na modalidade a dist\u00e2ncia, \u00e9 oferecido pela Universidade Federal de Juiz de Fora (UFJF) e tem por objetivo estimular e intensificar a participa\u00e7\u00e3o das pessoas com defici\u00eancia nas aulas de educa\u00e7\u00e3o f\u00edsica, sendo essa participa\u00e7\u00e3o uma possibilidade de reconhecimento e viabiliza\u00e7\u00e3o da cidadania.<\/p>\n<p>Al\u00e9m disso, pretende promover um aprofundamento em conhecimentos te\u00f3ricos e pr\u00e1ticos relacionados \u00e0 atividade f\u00edsica para pessoas com defici\u00eancia e formar recursos humanos para desenvolvimento de programas de atividades f\u00edsicas inclusivas e para desportos. A especializa\u00e7\u00e3o tem como p\u00fablico-alvo licenciados e bachar\u00e9is em Educa\u00e7\u00e3o F\u00edsica que atuem com alunos com defici\u00eancia em contextos variados.<\/p>\n<p>O curso tem a dura\u00e7\u00e3o de 18 meses, com carga de 360 horas. Os encontros presenciais acontecer\u00e3o \u00e0s sextas-feiras e s\u00e1bados a serem agendados pela coordena\u00e7\u00e3o da especializa\u00e7\u00e3o. S\u00e3o oferecidas 150 vagas, distribu\u00eddas nos seguintes polos: Boa Esperan\u00e7a, 25; Buritis, 25; Santos, 35; Governador Valadares, 35; e Sete Lagoas, 30.<\/p>\n<p>&nbsp;<\/p>\n<h4>RESULTADO<\/h4>\n<p>A divulga\u00e7\u00e3o do resultado parcial dos candidatos ao curso somente ser\u00e1 feita pelo site do Cead, no dia 8 de novembro, a partir das 17h. O resultado final ser\u00e1 divulgado no dia 10 de novembro em uma lista com os nomes dos candidatos aprovados, em ordem decrescente.<\/p>\n<p>Confira <a href=\"http:\/\/www.cead.ufjf.br\/wp-content\/uploads\/2017\/09\/esportes-alunos-final.pdf\" target=\"_blank\" rel=\"noopener noreferrer\">aqui<\/a> o edital.<\/p>\n<p>Fonte: Assessoria<\/p>\n","protected":false},"excerpt":{"rendered":"<p>Interessados em cursar Esportes e Atividades F\u00edsicas Inclusivas para Pessoas com Defici\u00eancia t\u00eam at\u00e9 o pr\u00f3ximo dia 21 para efetuar inscri\u00e7\u00e3o. O curso, em n\u00edvel de especializa\u00e7\u00e3o na modalidade a dist\u00e2ncia, \u00e9 oferecido pela Universidade Federal de Juiz de Fora (UFJF) e tem por objetivo estimular e intensificar a participa\u00e7\u00e3o das pessoas com defici\u00eancia nas [&hellip;]<\/p>\n","protected":false},"author":96,"featured_media":82531,"comment_status":"closed","ping_status":"closed","sticky":false,"template":"","format":"standard","meta":{"footnotes":""},"categories":[280],"tags":[],"class_list":["post-82532","post","type-post","status-publish","format-standard","has-post-thumbnail","hentry","category-concurso"],"_links":{"self":[{"href":"https:\/\/diarioregionaldigital.com.br\/index.php?rest_route=\/wp\/v2\/posts\/82532","targetHints":{"allow":["GET"]}}],"collection":[{"href":"https:\/\/diarioregionaldigital.com.br\/index.php?rest_route=\/wp\/v2\/posts"}],"about":[{"href":"https:\/\/diarioregionaldigital.com.br\/index.php?rest_route=\/wp\/v2\/types\/post"}],"author":[{"embeddable":true,"href":"https:\/\/diarioregionaldigital.com.br\/index.php?rest_route=\/wp\/v2\/users\/96"}],"replies":[{"embeddable":true,"href":"https:\/\/diarioregionaldigital.com.br\/index.php?rest_route=%2Fwp%2Fv2%2Fcomments&post=82532"}],"version-history":[{"count":0,"href":"https:\/\/diarioregionaldigital.com.br\/index.php?rest_route=\/wp\/v2\/posts\/82532\/revisions"}],"wp:featuredmedia":[{"embeddable":true,"href":"https:\/\/diarioregionaldigital.com.br\/index.php?rest_route=\/wp\/v2\/media\/82531"}],"wp:attachment":[{"href":"https:\/\/diarioregionaldigital.com.br\/index.php?rest_route=%2Fwp%2Fv2%2Fmedia&parent=82532"}],"wp:term":[{"taxonomy":"category","embeddable":true,"href":"https:\/\/diarioregionaldigital.com.br\/index.php?rest_route=%2Fwp%2Fv2%2Fcategories&post=82532"},{"taxonomy":"post_tag","embeddable":true,"href":"https:\/\/diarioregionaldigital.com.br\/index.php?rest_route=%2Fwp%2Fv2%2Ftags&post=82532"}],"curies":[{"name":"wp","href":"https:\/\/api.w.org\/{rel}","templated":true}]}}