{"id":82328,"date":"2017-10-02T20:27:37","date_gmt":"2017-10-02T23:27:37","guid":{"rendered":"http:\/\/diarioregionaljf.com.br\/2017\/10\/02\/minas-gerais-e-referencia-na-assistencia-a-portadores-de-hanseniase\/"},"modified":"2017-10-02T20:27:37","modified_gmt":"2017-10-02T23:27:37","slug":"minas-gerais-e-referencia-na-assistencia-a-portadores-de-hanseniase","status":"publish","type":"post","link":"https:\/\/diarioregionaldigital.com.br\/?p=82328","title":{"rendered":"Minas Gerais \u00e9 refer\u00eancia na assist\u00eancia a portadores de hansen\u00edase"},"content":{"rendered":"<p>O trabalho desenvolvido pela Funda\u00e7\u00e3o Hospitalar do Estado de Minas Gerais de assist\u00eancia e reintegra\u00e7\u00e3o social de portadores de hansen\u00edase vai balizar uma pol\u00edtica nacional nesse campo. A linha de cuidado apresentada pela Fhemig ser\u00e1 levada ao Minist\u00e9rio da Sa\u00fade pelo Movimento de Reintegra\u00e7\u00e3o das Pessoas Atingidas pela Hansen\u00edase (Morhan).<\/p>\n<p>A atua\u00e7\u00e3o da rede p\u00fablica estadual no cuidado da hansen\u00edase foi citada como modelo a ser seguido por v\u00e1rios palestrantes que estiveram no Encontro de Gestores de ex-Hospitais Col\u00f4nias de Hansen\u00edase, em Betim, neste \u00faltimo fim de semana. Participaram do evento gestores de ex-col\u00f4nias de nove estados, totalizando 17 institui\u00e7\u00f5es de diferentes realidades e perfis assistenciais.<\/p>\n<p>Segundo os especialistas, a remodelagem da voca\u00e7\u00e3o assistencial, como a adotada em Minas Gerais, permite abrir novos servi\u00e7os, garantindo a perenidade das antigas col\u00f4nias, hoje Casas de Sa\u00fade.<\/p>\n<p>O encontro aconteceu no Cineteatro Gl\u00f3ria, na Casa de Sa\u00fade Santa Izabel, com a presen\u00e7a de autoridades locais e estaduais, de movimentos sociais e v\u00e1rios convidados da comunidade. O evento foi promovido pela Coordena\u00e7\u00e3o Geral de Hansen\u00edase e Doen\u00e7as em Elimina\u00e7\u00e3o, do Minist\u00e9rio da Sa\u00fade.<\/p>\n<p>Artur Cust\u00f3dio Moreira de Sousa, que representa o Morhan no Conselho Nacional de Sa\u00fade, anunciou que a linha de cuidado seguida pela Fhemig ser\u00e1 levada ao Minist\u00e9rio da Sa\u00fade para delibera\u00e7\u00e3o em inst\u00e2ncias como a Comiss\u00e3o Intergestores Tripartite (CIT) e o Conselho Nacional de Secret\u00e1rios de Sa\u00fade (Conass) e, assim, criar formas para a cria\u00e7\u00e3o de uma pol\u00edtica nacional in\u00e9dita no pa\u00eds.<\/p>\n<p>O chefe de Gabinete da Presid\u00eancia da Fhemig, Fernando Eduardo Carvalho, representando o presidente Tarcisio Neiva, apresentou dados das quatro Casas de Sa\u00fade administradas pela funda\u00e7\u00e3o &#8211; Santa Izabel (Betim), Padre Dami\u00e3o (Ub\u00e1), Santa F\u00e9 (Tr\u00eas Cora\u00e7\u00f5es) e S\u00e3o Francisco de Assis (Bambu\u00ed) &#8211; e tamb\u00e9m as diretrizes do protocolo de Linha de Cuidado do Adulto e do Idoso das Casas de Sa\u00fade.<\/p>\n<p>As quatro unidades ocupam juntas uma extens\u00e3o territorial de 10 milh\u00f5es de metros quadrados, onde abrigam uma popula\u00e7\u00e3o de 14 mil pessoas, entre descendentes de ex-pacientes e demais moradores, incluindo os 516 ex-pacientes de hansen\u00edase remanescentes da antiga col\u00f4nia.<\/p>\n<p>Diante desse quadro, a dire\u00e7\u00e3o da Fhemig desenvolveu, gradativamente, a mudan\u00e7a do modelo hospitaloc\u00eantrico para o Lar Inclusivo. \u201cA Fhemig vem empregando todos os esfor\u00e7os para a melhoria das condi\u00e7\u00f5es de sa\u00fade de toda a comunidade das casas de sa\u00fade de Minas Gerais\u201d, afirmou Fernando Carvalho.<\/p>\n<p>&nbsp;<\/p>\n<h4>DIRETRIZES<\/h4>\n<p>As diretrizes adotadas pela Fhemig incluem a incorpora\u00e7\u00e3o de todas as ex-col\u00f4nias ao Sistema \u00danico de Sa\u00fade &#8211; SUS (j\u00e1 efetivada em Minas), a cria\u00e7\u00e3o de uma pol\u00edtica para patrim\u00f4nio hist\u00f3rico das institui\u00e7\u00f5es, execu\u00e7\u00e3o de a\u00e7\u00f5es que promovam a reintegra\u00e7\u00e3o da comunidade aos munic\u00edpios que sediam as unidades e a regulariza\u00e7\u00e3o fundi\u00e1ria, melhorando as condi\u00e7\u00f5es de vida da popula\u00e7\u00e3o e, ao mesmo tempo, respeitando a realidade de cada local.<\/p>\n<p>Representando o Minist\u00e9rio da Sa\u00fade, a coordenadora Magda Levantezi ratificou que a escolha de Minas Gerais n\u00e3o foi por acaso. \u201cEste Estado vem trabalhando com suas ex-col\u00f4nias desde 2004 e apresentou avan\u00e7os na assist\u00eancia focada na sa\u00fade das pessoas, com um plano de cuidado individualizado elaborado pela Fhemig\u201d.<\/p>\n<p>A quest\u00e3o fundi\u00e1ria citada anteriormente foi abordada tamb\u00e9m pelo prefeito de Betim, Vittorio Medioli, que vem participando da elabora\u00e7\u00e3o do plano de regulariza\u00e7\u00e3o proposto pela Fhemig.<\/p>\n<p>\u201cSomente aqui, em Santa Izabel, temos 6 mil fam\u00edlias descendentes dos ex-pacientes e que precisam se integrar, definitivamente, ao munic\u00edpio. Al\u00e9m disso, a oferta de consultas especializadas na Casa de Sa\u00fade, por exemplo, desafogam consideravelmente a demanda da regi\u00e3o, provando que atualmente, com a readequa\u00e7\u00e3o de seu perfil, a unidade ainda \u00e9 relevante \u00e0 rede p\u00fablica\u201d.<\/p>\n<p>O secret\u00e1rio de Estado de Direitos Humanos, Participa\u00e7\u00e3o Social e Cidadania (Sedpac), Nilm\u00e1rio Miranda, tamb\u00e9m presente, destacou a articula\u00e7\u00e3o em busca de repara\u00e7\u00e3o para os filhos separados compulsoriamente de seus pais, situa\u00e7\u00e3o comum nas antigas col\u00f4nias. Ele citou projeto que tramita na Assembleia Legislativa de Minas Gerais, que estabelece a cria\u00e7\u00e3o da Comiss\u00e3o da Verdade nas ex-col\u00f4nias para apurar a viola\u00e7\u00e3o de direitos no passado.<\/p>\n<p>A programa\u00e7\u00e3o incluiu homenagens aos m\u00e9dicos da CSSI, Celso Campos e Reginaldo Biet, e ao diretor Get\u00falio Morais. Tamb\u00e9m aconteceram atividades culturais, como a apresenta\u00e7\u00e3o do grupo de teatro Santa Col\u00f4nia e do grupo de Congado da comunidade.<\/p>\n<p>&nbsp;<\/p>\n<h4>LINHA DE CUIDADO<\/h4>\n<p>O assessor Tiago Possas, da Fhemig apresentou a Linha de Cuidado de Minas Gerais, \u201cpensada para expressar os fluxos assistenciais seguros e garantidos ao usu\u00e1rio no sentido de atender \u00e0s suas necessidades de sa\u00fade\u201d.<\/p>\n<p>A parte assistencial da linha de cuidado est\u00e1 descrita no Protocolo Cl\u00ednico n\u00ba 24, adotado pela Rede Fhemig, e ainda abrange diretrizes, metodologias e financiamento que foram explicados pelo palestrante.<\/p>\n<p>Ele informou que o antigo modelo hospitaloc\u00eantrico, sustentado desordenadamente por Autoriza\u00e7\u00f5es de Interna\u00e7\u00e3o Hospitalar (AIH), hoje foi substitu\u00eddo em Minas Gerais por uma assist\u00eancia integrada ao SUS, com servi\u00e7os ofertados, n\u00e3o s\u00f3 voltados \u00e0 reabilita\u00e7\u00e3o, como dispensa\u00e7\u00e3o de \u00f3rteses e pr\u00f3teses, fisioterapias e tratamento de les\u00f5es cut\u00e2neas, como ainda consultas especializadas e procedimentos terap\u00eauticos diversos.<\/p>\n<p>\u201cAtualmente n\u00e3o existem mais pavilh\u00f5es, mas lares inclusivos. Promovemos a autonomia e a independ\u00eancia dos usu\u00e1rios, libertando-os do modelo r\u00edgido de uma unidade hospitalar, o que, na maioria dos casos, n\u00e3o tem mais sentido\u201d. Possas lembrou que existe uma escala de cuidado de acordo com a necessidade de cada usu\u00e1rio, que varia de \u201crobusto\u201d a \u201cfr\u00e1gil\u201d, conferindo-lhes aten\u00e7\u00e3o adequada.<\/p>\n<p>Fonte: Ag\u00eancia Minas<\/p>\n","protected":false},"excerpt":{"rendered":"<p>O trabalho desenvolvido pela Funda\u00e7\u00e3o Hospitalar do Estado de Minas Gerais de assist\u00eancia e reintegra\u00e7\u00e3o social de portadores de hansen\u00edase vai balizar uma pol\u00edtica nacional nesse campo. A linha de cuidado apresentada pela Fhemig ser\u00e1 levada ao Minist\u00e9rio da Sa\u00fade pelo Movimento de Reintegra\u00e7\u00e3o das Pessoas Atingidas pela Hansen\u00edase (Morhan). A atua\u00e7\u00e3o da rede p\u00fablica [&hellip;]<\/p>\n","protected":false},"author":96,"featured_media":82327,"comment_status":"closed","ping_status":"closed","sticky":false,"template":"","format":"standard","meta":{"footnotes":""},"categories":[252],"tags":[],"class_list":["post-82328","post","type-post","status-publish","format-standard","has-post-thumbnail","hentry","category-regiao"],"_links":{"self":[{"href":"https:\/\/diarioregionaldigital.com.br\/index.php?rest_route=\/wp\/v2\/posts\/82328","targetHints":{"allow":["GET"]}}],"collection":[{"href":"https:\/\/diarioregionaldigital.com.br\/index.php?rest_route=\/wp\/v2\/posts"}],"about":[{"href":"https:\/\/diarioregionaldigital.com.br\/index.php?rest_route=\/wp\/v2\/types\/post"}],"author":[{"embeddable":true,"href":"https:\/\/diarioregionaldigital.com.br\/index.php?rest_route=\/wp\/v2\/users\/96"}],"replies":[{"embeddable":true,"href":"https:\/\/diarioregionaldigital.com.br\/index.php?rest_route=%2Fwp%2Fv2%2Fcomments&post=82328"}],"version-history":[{"count":0,"href":"https:\/\/diarioregionaldigital.com.br\/index.php?rest_route=\/wp\/v2\/posts\/82328\/revisions"}],"wp:featuredmedia":[{"embeddable":true,"href":"https:\/\/diarioregionaldigital.com.br\/index.php?rest_route=\/wp\/v2\/media\/82327"}],"wp:attachment":[{"href":"https:\/\/diarioregionaldigital.com.br\/index.php?rest_route=%2Fwp%2Fv2%2Fmedia&parent=82328"}],"wp:term":[{"taxonomy":"category","embeddable":true,"href":"https:\/\/diarioregionaldigital.com.br\/index.php?rest_route=%2Fwp%2Fv2%2Fcategories&post=82328"},{"taxonomy":"post_tag","embeddable":true,"href":"https:\/\/diarioregionaldigital.com.br\/index.php?rest_route=%2Fwp%2Fv2%2Ftags&post=82328"}],"curies":[{"name":"wp","href":"https:\/\/api.w.org\/{rel}","templated":true}]}}