{"id":82326,"date":"2017-10-02T20:17:39","date_gmt":"2017-10-02T23:17:39","guid":{"rendered":"http:\/\/diarioregionaljf.com.br\/2017\/10\/02\/comissao-exige-que-prefeitura-divulgue-dados-sobre-alvaras-de-boates\/"},"modified":"2017-10-02T20:17:39","modified_gmt":"2017-10-02T23:17:39","slug":"comissao-exige-que-prefeitura-divulgue-dados-sobre-alvaras-de-boates","status":"publish","type":"post","link":"https:\/\/diarioregionaldigital.com.br\/?p=82326","title":{"rendered":"Comiss\u00e3o exige que prefeitura divulgue dados sobre alvar\u00e1s de boates"},"content":{"rendered":"<p style=\"text-align: justify;\">A Comiss\u00e3o de Trabalho, de Administra\u00e7\u00e3o e Servi\u00e7o P\u00fablico aprovou proposta que obriga as prefeituras municipais e o governo do Distrito Federal a disponibilizar na internet informa\u00e7\u00f5es completas sobre os alvar\u00e1s da licen\u00e7a de funcionamento de estabelecimentos como boates, casas noturnas de shows, espa\u00e7os comerciais para festas e eventos e buffets comerciais.<\/p>\n<p style=\"text-align: justify;\">Dever\u00e3o estar dispon\u00edveis, no m\u00ednimo, as seguintes informa\u00e7\u00f5es: o estabelecimento licenciado e sua localiza\u00e7\u00e3o; a validade da licen\u00e7a de funcionamento; a capacidade m\u00e1xima de pessoas admitida no estabelecimento; o hor\u00e1rio de funcionamento; regras espec\u00edficas quanto ao funcionamento do local estabelecidas em lei municipal, estadual, distrital ou federal.<\/p>\n<p style=\"text-align: justify;\">O texto aprovado \u00e9 o substitutivo do relator, deputado Andr\u00e9 Figueiredo (PDT-CE), ao&nbsp;Projeto de Lei 4995\/13, do deputado Paulo Magalh\u00e3es (PSD-BA), e ao PL 5782\/13, apensado. O projeto principal insere a obrigatoriedade de divulga\u00e7\u00e3o de informa\u00e7\u00f5es sobre os alvar\u00e1s na Lei de Acesso \u00e0 Informa\u00e7\u00e3o (Lei 12.527\/11). O relator preferiu acolher o projeto apensado, que inclui a medida no Estatuto das Cidades (Lei 10.257\/01).<\/p>\n<p style=\"text-align: justify;\">\u201cO Estatuto das Cidades \u00e9 a norma legal pr\u00f3pria para a fixa\u00e7\u00e3o de diretrizes de pol\u00edtica urbana\u201d, afirmou Figueiredo. \u201cAl\u00e9m disso, foram incorporadas no substitutivo contribui\u00e7\u00f5es colhidas junto aos membros desta comiss\u00e3o, como a obrigatoriedade de o governo do Distrito Federal tamb\u00e9m disponibilizar os alvar\u00e1s, al\u00e9m da inclus\u00e3o do hor\u00e1rio de funcionamento no rol de informa\u00e7\u00f5es a serem disponibilizadas\u201d, acrescentou.<\/p>\n<p style=\"text-align: justify;\">Ainda segundo o texto aprovado, o Corpo de Bombeiros Militar e o \u00f3rg\u00e3o de vigil\u00e2ncia sanit\u00e1ria competente encaminhar\u00e3o \u00e0 prefeitura municipal e ao Distrito Federal informa\u00e7\u00f5es completas sobre as licen\u00e7as, laudos ou outros atos administrativos sob sua responsabilidade relacionados ao funcionamento de estabelecimentos abertos ao p\u00fablico ou de uso p\u00fablico.<\/p>\n<p style=\"text-align: justify;\">&nbsp;<\/p>\n<h4 style=\"text-align: justify;\">TRAMITA\u00c7\u00c3O<\/h4>\n<p style=\"text-align: justify;\">A proposta ser\u00e1 analisada, em car\u00e1ter conclusivo, pela Comiss\u00e3o de Constitui\u00e7\u00e3o e Justi\u00e7a e de Cidadania.<\/p>\n<p style=\"text-align: justify;\">Fonte: Assessoria<\/p>\n","protected":false},"excerpt":{"rendered":"<p>A Comiss\u00e3o de Trabalho, de Administra\u00e7\u00e3o e Servi\u00e7o P\u00fablico aprovou proposta que obriga as prefeituras municipais e o governo do Distrito Federal a disponibilizar na internet informa\u00e7\u00f5es completas sobre os alvar\u00e1s da licen\u00e7a de funcionamento de estabelecimentos como boates, casas noturnas de shows, espa\u00e7os comerciais para festas e eventos e buffets comerciais. Dever\u00e3o estar dispon\u00edveis, [&hellip;]<\/p>\n","protected":false},"author":96,"featured_media":82325,"comment_status":"closed","ping_status":"closed","sticky":false,"template":"","format":"standard","meta":{"footnotes":""},"categories":[254],"tags":[],"class_list":["post-82326","post","type-post","status-publish","format-standard","has-post-thumbnail","hentry","category-politica"],"_links":{"self":[{"href":"https:\/\/diarioregionaldigital.com.br\/index.php?rest_route=\/wp\/v2\/posts\/82326","targetHints":{"allow":["GET"]}}],"collection":[{"href":"https:\/\/diarioregionaldigital.com.br\/index.php?rest_route=\/wp\/v2\/posts"}],"about":[{"href":"https:\/\/diarioregionaldigital.com.br\/index.php?rest_route=\/wp\/v2\/types\/post"}],"author":[{"embeddable":true,"href":"https:\/\/diarioregionaldigital.com.br\/index.php?rest_route=\/wp\/v2\/users\/96"}],"replies":[{"embeddable":true,"href":"https:\/\/diarioregionaldigital.com.br\/index.php?rest_route=%2Fwp%2Fv2%2Fcomments&post=82326"}],"version-history":[{"count":0,"href":"https:\/\/diarioregionaldigital.com.br\/index.php?rest_route=\/wp\/v2\/posts\/82326\/revisions"}],"wp:featuredmedia":[{"embeddable":true,"href":"https:\/\/diarioregionaldigital.com.br\/index.php?rest_route=\/wp\/v2\/media\/82325"}],"wp:attachment":[{"href":"https:\/\/diarioregionaldigital.com.br\/index.php?rest_route=%2Fwp%2Fv2%2Fmedia&parent=82326"}],"wp:term":[{"taxonomy":"category","embeddable":true,"href":"https:\/\/diarioregionaldigital.com.br\/index.php?rest_route=%2Fwp%2Fv2%2Fcategories&post=82326"},{"taxonomy":"post_tag","embeddable":true,"href":"https:\/\/diarioregionaldigital.com.br\/index.php?rest_route=%2Fwp%2Fv2%2Ftags&post=82326"}],"curies":[{"name":"wp","href":"https:\/\/api.w.org\/{rel}","templated":true}]}}