{"id":82320,"date":"2017-10-02T19:55:16","date_gmt":"2017-10-02T22:55:16","guid":{"rendered":"http:\/\/diarioregionaljf.com.br\/2017\/10\/02\/dezenas-de-criancas-participam-de-lancamento-de-livro-no-museu\/"},"modified":"2017-10-02T19:55:16","modified_gmt":"2017-10-02T22:55:16","slug":"dezenas-de-criancas-participam-de-lancamento-de-livro-no-museu","status":"publish","type":"post","link":"https:\/\/diarioregionaldigital.com.br\/?p=82320","title":{"rendered":"Dezenas de crian\u00e7as participam de lan\u00e7amento de livro no Museu"},"content":{"rendered":"<p>O livro \u201cMaria Maritaca\u201d, da escritora e professora Surley Silva Jardim, foi lan\u00e7ado no Parque do Museu Mariano Proc\u00f3pio em evento no s\u00e1bado, 30 de setembro.<\/p>\n<p>Mesmo com o dia chuvoso, dezenas de crian\u00e7as prestigiaram a autora e assistiram \u00e0s apresenta\u00e7\u00f5es de corais infantis e a uma pe\u00e7a de teatro em refer\u00eancia \u00e0 publica\u00e7\u00e3o, contemplada pela Lei \u201cMurilo Mendes\u201d, que incentiva a cultura no munic\u00edpio. Para a autora, \u201cMaria Maritaca\u201d \u00e9 um livro que evidencia a import\u00e2ncia da parceria, da amizade e da liberdade.<\/p>\n<p>A proposta da obra \u00e9 disseminar bons valores, incentivar o companheirismo e agu\u00e7ar a curiosidade das crian\u00e7as sobre as primeiras letras.<\/p>\n<p>Ao t\u00e9rmino das apresenta\u00e7\u00f5es, foram realizadas v\u00e1rias homenagens por alunos de v\u00e1rios col\u00e9gios da regi\u00e3o onde a professora atua. Al\u00e9m disso, o p\u00fablico pode adquirir o livro e receber o aut\u00f3grafo da autora. Segundo a autora, ela pretende lan\u00e7ar mais livros voltados ao p\u00fablico infantil.<\/p>\n<p>\u201cO entusiamo em escrever \u00e9 pelo retorno que tenho dessas crian\u00e7as. Al\u00e9m de incentivar a leitura, o livro possibilita outros tipos de intera\u00e7\u00f5es, como a m\u00fasica\u201d.<\/p>\n<hr \/>\n<p>&nbsp;Fonte: Assessoria<\/p>\n","protected":false},"excerpt":{"rendered":"<p>O livro \u201cMaria Maritaca\u201d, da escritora e professora Surley Silva Jardim, foi lan\u00e7ado no Parque do Museu Mariano Proc\u00f3pio em evento no s\u00e1bado, 30 de setembro. Mesmo com o dia chuvoso, dezenas de crian\u00e7as prestigiaram a autora e assistiram \u00e0s apresenta\u00e7\u00f5es de corais infantis e a uma pe\u00e7a de teatro em refer\u00eancia \u00e0 publica\u00e7\u00e3o, contemplada [&hellip;]<\/p>\n","protected":false},"author":96,"featured_media":82319,"comment_status":"closed","ping_status":"closed","sticky":false,"template":"","format":"standard","meta":{"footnotes":""},"categories":[256],"tags":[],"class_list":["post-82320","post","type-post","status-publish","format-standard","has-post-thumbnail","hentry","category-cultura"],"_links":{"self":[{"href":"https:\/\/diarioregionaldigital.com.br\/index.php?rest_route=\/wp\/v2\/posts\/82320","targetHints":{"allow":["GET"]}}],"collection":[{"href":"https:\/\/diarioregionaldigital.com.br\/index.php?rest_route=\/wp\/v2\/posts"}],"about":[{"href":"https:\/\/diarioregionaldigital.com.br\/index.php?rest_route=\/wp\/v2\/types\/post"}],"author":[{"embeddable":true,"href":"https:\/\/diarioregionaldigital.com.br\/index.php?rest_route=\/wp\/v2\/users\/96"}],"replies":[{"embeddable":true,"href":"https:\/\/diarioregionaldigital.com.br\/index.php?rest_route=%2Fwp%2Fv2%2Fcomments&post=82320"}],"version-history":[{"count":0,"href":"https:\/\/diarioregionaldigital.com.br\/index.php?rest_route=\/wp\/v2\/posts\/82320\/revisions"}],"wp:featuredmedia":[{"embeddable":true,"href":"https:\/\/diarioregionaldigital.com.br\/index.php?rest_route=\/wp\/v2\/media\/82319"}],"wp:attachment":[{"href":"https:\/\/diarioregionaldigital.com.br\/index.php?rest_route=%2Fwp%2Fv2%2Fmedia&parent=82320"}],"wp:term":[{"taxonomy":"category","embeddable":true,"href":"https:\/\/diarioregionaldigital.com.br\/index.php?rest_route=%2Fwp%2Fv2%2Fcategories&post=82320"},{"taxonomy":"post_tag","embeddable":true,"href":"https:\/\/diarioregionaldigital.com.br\/index.php?rest_route=%2Fwp%2Fv2%2Ftags&post=82320"}],"curies":[{"name":"wp","href":"https:\/\/api.w.org\/{rel}","templated":true}]}}