{"id":82316,"date":"2017-10-02T19:46:05","date_gmt":"2017-10-02T22:46:05","guid":{"rendered":"http:\/\/diarioregionaljf.com.br\/2017\/10\/02\/comunidade-de-igrejinha-ganha-novo-espaco-para-esporte-e-lazer\/"},"modified":"2017-10-02T19:46:05","modified_gmt":"2017-10-02T22:46:05","slug":"comunidade-de-igrejinha-ganha-novo-espaco-para-esporte-e-lazer","status":"publish","type":"post","link":"https:\/\/diarioregionaldigital.com.br\/?p=82316","title":{"rendered":"Comunidade de Igrejinha ganha novo espa\u00e7o para esporte e lazer"},"content":{"rendered":"<p>A Prefeitura de Juiz de Fora (PJF) entregar\u00e1 oficialmente aos moradores do Bairro Igrejinha, zona rural do munic\u00edpio, nesta ter\u00e7a-feira, 3, \u00e0s 15h30, a quadra poliesportiva \u201cMonsenhor Ant\u00f4nio Corn\u00e9lio Viana\u201d, que atender\u00e1 n\u00e3o s\u00f3 a escola, mas tamb\u00e9m a toda a comunidade. Com quase mil metros de \u00e1rea constru\u00edda, a quadra custou R$576 mil, sendo R$509.922,23 provenientes de conv\u00eanio com o Fundo Nacional de Desenvolvimento da Educa\u00e7\u00e3o (FNDE) e R$66.077,77 de contrapartida da PJF.<\/p>\n<p>Voltada tamb\u00e9m para atividades de lazer, a quadra \u00e9 coberta, possui arquibancada e dois vesti\u00e1rios. As obras foram iniciadas em 2014, e agora os alunos da Escola Municipal \u201cPadre Wilson\u201d, que fica ao lado da constru\u00e7\u00e3o, contar\u00e3o com espa\u00e7o pr\u00f3prio para aulas de educa\u00e7\u00e3o f\u00edsica e atividades diversas.<\/p>\n<p>Em 2014, a unidade de ensino tamb\u00e9m passou por ampla revitaliza\u00e7\u00e3o, totalizando investimento de mais de R$80 mil. Em mar\u00e7o deste ano foi anunciada a constru\u00e7\u00e3o do Centro de Educa\u00e7\u00e3o Infantil para o bairro, que j\u00e1 recebeu o nome de \u201cVereador Jo\u00e3o Batista de Oliveira\u201d. A obra, em andamento, est\u00e1 or\u00e7ada em mais de R$1.375.000.<\/p>\n<hr \/>\n<p>&nbsp;Fonte: Assessoria<\/p>\n","protected":false},"excerpt":{"rendered":"<p>A Prefeitura de Juiz de Fora (PJF) entregar\u00e1 oficialmente aos moradores do Bairro Igrejinha, zona rural do munic\u00edpio, nesta ter\u00e7a-feira, 3, \u00e0s 15h30, a quadra poliesportiva \u201cMonsenhor Ant\u00f4nio Corn\u00e9lio Viana\u201d, que atender\u00e1 n\u00e3o s\u00f3 a escola, mas tamb\u00e9m a toda a comunidade. Com quase mil metros de \u00e1rea constru\u00edda, a quadra custou R$576 mil, sendo [&hellip;]<\/p>\n","protected":false},"author":96,"featured_media":82315,"comment_status":"closed","ping_status":"closed","sticky":false,"template":"","format":"standard","meta":{"footnotes":""},"categories":[253],"tags":[],"class_list":["post-82316","post","type-post","status-publish","format-standard","has-post-thumbnail","hentry","category-cidade"],"_links":{"self":[{"href":"https:\/\/diarioregionaldigital.com.br\/index.php?rest_route=\/wp\/v2\/posts\/82316","targetHints":{"allow":["GET"]}}],"collection":[{"href":"https:\/\/diarioregionaldigital.com.br\/index.php?rest_route=\/wp\/v2\/posts"}],"about":[{"href":"https:\/\/diarioregionaldigital.com.br\/index.php?rest_route=\/wp\/v2\/types\/post"}],"author":[{"embeddable":true,"href":"https:\/\/diarioregionaldigital.com.br\/index.php?rest_route=\/wp\/v2\/users\/96"}],"replies":[{"embeddable":true,"href":"https:\/\/diarioregionaldigital.com.br\/index.php?rest_route=%2Fwp%2Fv2%2Fcomments&post=82316"}],"version-history":[{"count":0,"href":"https:\/\/diarioregionaldigital.com.br\/index.php?rest_route=\/wp\/v2\/posts\/82316\/revisions"}],"wp:featuredmedia":[{"embeddable":true,"href":"https:\/\/diarioregionaldigital.com.br\/index.php?rest_route=\/wp\/v2\/media\/82315"}],"wp:attachment":[{"href":"https:\/\/diarioregionaldigital.com.br\/index.php?rest_route=%2Fwp%2Fv2%2Fmedia&parent=82316"}],"wp:term":[{"taxonomy":"category","embeddable":true,"href":"https:\/\/diarioregionaldigital.com.br\/index.php?rest_route=%2Fwp%2Fv2%2Fcategories&post=82316"},{"taxonomy":"post_tag","embeddable":true,"href":"https:\/\/diarioregionaldigital.com.br\/index.php?rest_route=%2Fwp%2Fv2%2Ftags&post=82316"}],"curies":[{"name":"wp","href":"https:\/\/api.w.org\/{rel}","templated":true}]}}