{"id":82310,"date":"2017-10-02T19:31:07","date_gmt":"2017-10-02T22:31:07","guid":{"rendered":"http:\/\/diarioregionaljf.com.br\/2017\/10\/02\/pm-apreende-maconha-e-prende-suspeito-de-trafico-em-leopoldina\/"},"modified":"2017-10-02T19:31:07","modified_gmt":"2017-10-02T22:31:07","slug":"pm-apreende-maconha-e-prende-suspeito-de-trafico-em-leopoldina","status":"publish","type":"post","link":"https:\/\/diarioregionaldigital.com.br\/?p=82310","title":{"rendered":"PM apreende maconha e prende suspeito de tr\u00e1fico em Leopoldina"},"content":{"rendered":"<p>A Pol\u00edcia Militar apreendeu uma barra e 14 buchas de maconha, al\u00e9m de ter prendido um suspeito de tr\u00e1fico de drogas e apreendido um adolescente, no final da tarde deste domingo, 1\u00ba, no Bairro S\u00e3o Crist\u00f3v\u00e3o, em Leopoldina.<\/p>\n<p>Um menor, de 16 anos, foi abordado pelos militares durante patrulhamento e com ele foram apreendidas 14 buchas de maconha. Questionado sobre a origem do entorpecente, ele informou que teria adquirido de um indiv\u00edduo que comercializa droga na Rua Jos\u00e9 Gomes Domingues, no Bairro S\u00e3o Crist\u00f3v\u00e3o. Ap\u00f3s uma a\u00e7\u00e3o da Pol\u00edcia Militar naquela regi\u00e3o, um jovem de 20 anos foi preso em flagrante e uma barra de maconha apreendida em sua resid\u00eancia.<\/p>\n<p>Eles foram conduzidos, juntamente com a droga, para a Delegacia de Pol\u00edcia Civil para as demais provid\u00eancias. A reportagem apurou que o jovem de 20 anos teve a pris\u00e3o ratificada pelo Delegado de plant\u00e3o na DPJ de Leopoldina.<\/p>\n<p>&nbsp;<\/p>\n<p>Fonte: O Vigilante Online<\/p>\n","protected":false},"excerpt":{"rendered":"<p>A Pol\u00edcia Militar apreendeu uma barra e 14 buchas de maconha, al\u00e9m de ter prendido um suspeito de tr\u00e1fico de drogas e apreendido um adolescente, no final da tarde deste domingo, 1\u00ba, no Bairro S\u00e3o Crist\u00f3v\u00e3o, em Leopoldina. Um menor, de 16 anos, foi abordado pelos militares durante patrulhamento e com ele foram apreendidas 14 [&hellip;]<\/p>\n","protected":false},"author":96,"featured_media":82309,"comment_status":"closed","ping_status":"closed","sticky":false,"template":"","format":"standard","meta":{"footnotes":""},"categories":[252],"tags":[],"class_list":["post-82310","post","type-post","status-publish","format-standard","has-post-thumbnail","hentry","category-regiao"],"_links":{"self":[{"href":"https:\/\/diarioregionaldigital.com.br\/index.php?rest_route=\/wp\/v2\/posts\/82310","targetHints":{"allow":["GET"]}}],"collection":[{"href":"https:\/\/diarioregionaldigital.com.br\/index.php?rest_route=\/wp\/v2\/posts"}],"about":[{"href":"https:\/\/diarioregionaldigital.com.br\/index.php?rest_route=\/wp\/v2\/types\/post"}],"author":[{"embeddable":true,"href":"https:\/\/diarioregionaldigital.com.br\/index.php?rest_route=\/wp\/v2\/users\/96"}],"replies":[{"embeddable":true,"href":"https:\/\/diarioregionaldigital.com.br\/index.php?rest_route=%2Fwp%2Fv2%2Fcomments&post=82310"}],"version-history":[{"count":0,"href":"https:\/\/diarioregionaldigital.com.br\/index.php?rest_route=\/wp\/v2\/posts\/82310\/revisions"}],"wp:featuredmedia":[{"embeddable":true,"href":"https:\/\/diarioregionaldigital.com.br\/index.php?rest_route=\/wp\/v2\/media\/82309"}],"wp:attachment":[{"href":"https:\/\/diarioregionaldigital.com.br\/index.php?rest_route=%2Fwp%2Fv2%2Fmedia&parent=82310"}],"wp:term":[{"taxonomy":"category","embeddable":true,"href":"https:\/\/diarioregionaldigital.com.br\/index.php?rest_route=%2Fwp%2Fv2%2Fcategories&post=82310"},{"taxonomy":"post_tag","embeddable":true,"href":"https:\/\/diarioregionaldigital.com.br\/index.php?rest_route=%2Fwp%2Fv2%2Ftags&post=82310"}],"curies":[{"name":"wp","href":"https:\/\/api.w.org\/{rel}","templated":true}]}}