{"id":82169,"date":"2017-09-29T17:44:17","date_gmt":"2017-09-29T20:44:17","guid":{"rendered":"http:\/\/diarioregionaljf.com.br\/2017\/09\/29\/receita-consulta-base-de-dados-para-atualizar-cpf-de-pessoas-falecidas\/"},"modified":"2017-09-29T17:44:17","modified_gmt":"2017-09-29T20:44:17","slug":"receita-consulta-base-de-dados-para-atualizar-cpf-de-pessoas-falecidas","status":"publish","type":"post","link":"https:\/\/diarioregionaldigital.com.br\/?p=82169","title":{"rendered":"Receita consulta base de dados para atualizar CPF de pessoas falecidas"},"content":{"rendered":"<p>A Receita Federal passar\u00e1 a consultar diariamente a base de \u00f3bitos da Associa\u00e7\u00e3o Nacional dos Registradores de Pessoas Naturais do Brasil para atualizar o Cadastro de Pessoas F\u00edsicas (CPF) falecidas. O Di\u00e1rio Oficial da Uni\u00e3o desta sexta-feira, 29, publicou a instru\u00e7\u00e3o normativa que disp\u00f5e sobre o CPF.<\/p>\n<p>De acordo com a Receita, os CPFs que estiverem com ano de \u00f3bito informado na base de dados e em situa\u00e7\u00e3o cadastral regular, pendente de regulariza\u00e7\u00e3o e suspensa passar\u00e3o \u00e0 situa\u00e7\u00e3o cadastral \u201cTitular Falecido\u201d.<\/p>\n<p>\u201cA nova sistem\u00e1tica aumenta a transpar\u00eancia para a sociedade em geral sobre a real situa\u00e7\u00e3o do contribuinte, bem como amplia a seguran\u00e7a jur\u00eddica, uma vez que haver\u00e1 tratamento padr\u00e3o para os casos de CPFs de falecidos. Al\u00e9m disso, a implementa\u00e7\u00e3o inibe a fraude com CPF de pessoas falecidas\u201d, diz a Receita.<\/p>\n<hr \/>\n<p>&nbsp;Fonte: Ag\u00eancia Brasil<\/p>\n","protected":false},"excerpt":{"rendered":"<p>A Receita Federal passar\u00e1 a consultar diariamente a base de \u00f3bitos da Associa\u00e7\u00e3o Nacional dos Registradores de Pessoas Naturais do Brasil para atualizar o Cadastro de Pessoas F\u00edsicas (CPF) falecidas. O Di\u00e1rio Oficial da Uni\u00e3o desta sexta-feira, 29, publicou a instru\u00e7\u00e3o normativa que disp\u00f5e sobre o CPF. De acordo com a Receita, os CPFs que [&hellip;]<\/p>\n","protected":false},"author":96,"featured_media":82168,"comment_status":"closed","ping_status":"closed","sticky":false,"template":"","format":"standard","meta":{"footnotes":""},"categories":[261],"tags":[],"class_list":["post-82169","post","type-post","status-publish","format-standard","has-post-thumbnail","hentry","category-economia"],"_links":{"self":[{"href":"https:\/\/diarioregionaldigital.com.br\/index.php?rest_route=\/wp\/v2\/posts\/82169","targetHints":{"allow":["GET"]}}],"collection":[{"href":"https:\/\/diarioregionaldigital.com.br\/index.php?rest_route=\/wp\/v2\/posts"}],"about":[{"href":"https:\/\/diarioregionaldigital.com.br\/index.php?rest_route=\/wp\/v2\/types\/post"}],"author":[{"embeddable":true,"href":"https:\/\/diarioregionaldigital.com.br\/index.php?rest_route=\/wp\/v2\/users\/96"}],"replies":[{"embeddable":true,"href":"https:\/\/diarioregionaldigital.com.br\/index.php?rest_route=%2Fwp%2Fv2%2Fcomments&post=82169"}],"version-history":[{"count":0,"href":"https:\/\/diarioregionaldigital.com.br\/index.php?rest_route=\/wp\/v2\/posts\/82169\/revisions"}],"wp:featuredmedia":[{"embeddable":true,"href":"https:\/\/diarioregionaldigital.com.br\/index.php?rest_route=\/wp\/v2\/media\/82168"}],"wp:attachment":[{"href":"https:\/\/diarioregionaldigital.com.br\/index.php?rest_route=%2Fwp%2Fv2%2Fmedia&parent=82169"}],"wp:term":[{"taxonomy":"category","embeddable":true,"href":"https:\/\/diarioregionaldigital.com.br\/index.php?rest_route=%2Fwp%2Fv2%2Fcategories&post=82169"},{"taxonomy":"post_tag","embeddable":true,"href":"https:\/\/diarioregionaldigital.com.br\/index.php?rest_route=%2Fwp%2Fv2%2Ftags&post=82169"}],"curies":[{"name":"wp","href":"https:\/\/api.w.org\/{rel}","templated":true}]}}