{"id":82161,"date":"2017-09-29T17:31:14","date_gmt":"2017-09-29T20:31:14","guid":{"rendered":"http:\/\/diarioregionaljf.com.br\/2017\/09\/29\/prazo-para-entrega-de-declaracao-de-propriedades-rurais-termina-hoje\/"},"modified":"2017-09-29T17:31:14","modified_gmt":"2017-09-29T20:31:14","slug":"prazo-para-entrega-de-declaracao-de-propriedades-rurais-termina-hoje","status":"publish","type":"post","link":"https:\/\/diarioregionaldigital.com.br\/?p=82161","title":{"rendered":"Prazo para entrega de declara\u00e7\u00e3o de propriedades rurais termina hoje"},"content":{"rendered":"<p>Produtores rurais que planejam renegociar d\u00edvidas com melhores condi\u00e7\u00f5es t\u00eam at\u00e9 esta sexta-feira, 29, para aderirem ao Programa de Regulariza\u00e7\u00e3o Tribut\u00e1ria Rural (PRR). S\u00e3o eleg\u00edveis para o programa, apelidado de Refis rural e criado e regulamentado no m\u00eas passado, pessoas f\u00edsicas ou compradores de produ\u00e7\u00e3o rural de pessoas f\u00edsicas.<\/p>\n<p>A multa por atraso na entrega da declara\u00e7\u00e3o \u00e9 de 1% ao m\u00eas calend\u00e1rio ou fra\u00e7\u00e3o sobre o imposto devido ou R$50, prevalecendo o maior valor.<\/p>\n<p>Devem apresentar a declara\u00e7\u00e3o pessoas f\u00edsicas ou jur\u00eddicas propriet\u00e1rias ou titulares do dom\u00ednio \u00fatil ou possuidoras de qualquer t\u00edtulo de propriedade rural, incluindo aquelas que ocupam o im\u00f3vel em usufruto, e tamb\u00e9m co-possuidores \u2013 quando mais de uma pessoa tiver a posse do im\u00f3vel rural. No caso de contratos, decis\u00f5es judiciais ou doa\u00e7\u00f5es que estabele\u00e7am que a propriedade pertence a mais de um contribuinte, um dos cond\u00f4minos tamb\u00e9m dever\u00e1 entregar a declara\u00e7\u00e3o.<\/p>\n<p>Nos casos de desapropria\u00e7\u00e3o motivada por necessidade ou utilidade p\u00fablica, ou por interesse social, inclusive para fins de reforma agr\u00e1ria, fica obrigada a entregar a DITR a pessoa f\u00edsica ou jur\u00eddica que perdeu, em 2017, a posse ou direito de propriedade do im\u00f3vel rural, seja por imiss\u00e3o pr\u00e9via do expropriante ou transfer\u00eancia ou incorpora\u00e7\u00e3o do im\u00f3vel rural ao patrim\u00f4nio do expropriante.<\/p>\n<p>A declara\u00e7\u00e3o tamb\u00e9m \u00e9 exigida quando h\u00e1 perda do direito ou de posse de propriedade ocasionados por aliena\u00e7\u00e3o ao Poder P\u00fablico.<\/p>\n<p>A primeira cota ou cota \u00fanica do imposto vence hoje, n\u00e3o havendo acr\u00e9scimos se o pagamento ocorrer at\u00e9 essa data. O pagamento do imposto pode ser parcelado em at\u00e9 quatro cotas, mensais, iguais e sucessivas, desde que seu valor individual n\u00e3o seja inferior a R$50. Sobre as demais cotas h\u00e1 incid\u00eancia de juros Selic (taxa b\u00e1sica de juros) calculados a partir de outubro at\u00e9 a data do pagamento.<\/p>\n<p>O imposto de valor at\u00e9 R$ 100 deve ser recolhido em cota \u00fanica. O valor m\u00ednimo de imposto a ser pago \u00e9 R$10, independentemente de o valor calculado ser menor.<\/p>\n<hr \/>\n<p>&nbsp;Fonte: Ag\u00eancia Brasil<\/p>\n","protected":false},"excerpt":{"rendered":"<p>Produtores rurais que planejam renegociar d\u00edvidas com melhores condi\u00e7\u00f5es t\u00eam at\u00e9 esta sexta-feira, 29, para aderirem ao Programa de Regulariza\u00e7\u00e3o Tribut\u00e1ria Rural (PRR). S\u00e3o eleg\u00edveis para o programa, apelidado de Refis rural e criado e regulamentado no m\u00eas passado, pessoas f\u00edsicas ou compradores de produ\u00e7\u00e3o rural de pessoas f\u00edsicas. A multa por atraso na entrega [&hellip;]<\/p>\n","protected":false},"author":96,"featured_media":82160,"comment_status":"closed","ping_status":"closed","sticky":false,"template":"","format":"standard","meta":{"footnotes":""},"categories":[261],"tags":[],"class_list":["post-82161","post","type-post","status-publish","format-standard","has-post-thumbnail","hentry","category-economia"],"_links":{"self":[{"href":"https:\/\/diarioregionaldigital.com.br\/index.php?rest_route=\/wp\/v2\/posts\/82161","targetHints":{"allow":["GET"]}}],"collection":[{"href":"https:\/\/diarioregionaldigital.com.br\/index.php?rest_route=\/wp\/v2\/posts"}],"about":[{"href":"https:\/\/diarioregionaldigital.com.br\/index.php?rest_route=\/wp\/v2\/types\/post"}],"author":[{"embeddable":true,"href":"https:\/\/diarioregionaldigital.com.br\/index.php?rest_route=\/wp\/v2\/users\/96"}],"replies":[{"embeddable":true,"href":"https:\/\/diarioregionaldigital.com.br\/index.php?rest_route=%2Fwp%2Fv2%2Fcomments&post=82161"}],"version-history":[{"count":0,"href":"https:\/\/diarioregionaldigital.com.br\/index.php?rest_route=\/wp\/v2\/posts\/82161\/revisions"}],"wp:featuredmedia":[{"embeddable":true,"href":"https:\/\/diarioregionaldigital.com.br\/index.php?rest_route=\/wp\/v2\/media\/82160"}],"wp:attachment":[{"href":"https:\/\/diarioregionaldigital.com.br\/index.php?rest_route=%2Fwp%2Fv2%2Fmedia&parent=82161"}],"wp:term":[{"taxonomy":"category","embeddable":true,"href":"https:\/\/diarioregionaldigital.com.br\/index.php?rest_route=%2Fwp%2Fv2%2Fcategories&post=82161"},{"taxonomy":"post_tag","embeddable":true,"href":"https:\/\/diarioregionaldigital.com.br\/index.php?rest_route=%2Fwp%2Fv2%2Ftags&post=82161"}],"curies":[{"name":"wp","href":"https:\/\/api.w.org\/{rel}","templated":true}]}}