{"id":82029,"date":"2017-09-27T21:10:04","date_gmt":"2017-09-28T00:10:04","guid":{"rendered":"http:\/\/diarioregionaljf.com.br\/2017\/09\/27\/guarda-municipal-apoia-pm-em-operacao-na-avenida-sete-de-setembro\/"},"modified":"2017-09-27T21:10:04","modified_gmt":"2017-09-28T00:10:04","slug":"guarda-municipal-apoia-pm-em-operacao-na-avenida-sete-de-setembro","status":"publish","type":"post","link":"https:\/\/diarioregionaldigital.com.br\/?p=82029","title":{"rendered":"Guarda Municipal apoia PM em opera\u00e7\u00e3o na Avenida Sete de Setembro"},"content":{"rendered":"<p>Na manh\u00e3 desta quarta-feira, 27, a Guarda Municipal (GM) foi acionada pela Pol\u00edcia Militar para dar suporte a uma opera\u00e7\u00e3o que resultou na apreens\u00e3o de um menor e pris\u00e3o de seu irm\u00e3o na regi\u00e3o da Avenida Sete de Setembro,Centro. Os irm\u00e3os, foram flagrados fazendo selfies enquanto utilizavam drogas. Eles foram encaminhados \u00e0 delegacia, a fim de prestar depoimento para demais provid\u00eancias.<\/p>\n<p>A GM realiza rondas motorizadas que facilitam a fiscaliza\u00e7\u00e3o. Al\u00e9m disso, a popula\u00e7\u00e3o pode contar com guardas em postos fixos, como no Parque Halfeld e no Hospital de Pronto Socorro (HPS).<\/p>\n<p>A comandante da GM, Emilce de Castro, ressaltou que \u201ctodos os guardas passam por capacita\u00e7\u00f5es semanalmente. Trabalhamos para oferecer servi\u00e7os de qualidade aos juiz-foranos\u201d.<\/p>\n<hr \/>\n<p>&nbsp;Fonte: Assessoria&nbsp;<\/p>\n","protected":false},"excerpt":{"rendered":"<p>Na manh\u00e3 desta quarta-feira, 27, a Guarda Municipal (GM) foi acionada pela Pol\u00edcia Militar para dar suporte a uma opera\u00e7\u00e3o que resultou na apreens\u00e3o de um menor e pris\u00e3o de seu irm\u00e3o na regi\u00e3o da Avenida Sete de Setembro,Centro. Os irm\u00e3os, foram flagrados fazendo selfies enquanto utilizavam drogas. Eles foram encaminhados \u00e0 delegacia, a fim [&hellip;]<\/p>\n","protected":false},"author":96,"featured_media":82028,"comment_status":"closed","ping_status":"closed","sticky":false,"template":"","format":"standard","meta":{"footnotes":""},"categories":[253],"tags":[],"class_list":["post-82029","post","type-post","status-publish","format-standard","has-post-thumbnail","hentry","category-cidade"],"_links":{"self":[{"href":"https:\/\/diarioregionaldigital.com.br\/index.php?rest_route=\/wp\/v2\/posts\/82029","targetHints":{"allow":["GET"]}}],"collection":[{"href":"https:\/\/diarioregionaldigital.com.br\/index.php?rest_route=\/wp\/v2\/posts"}],"about":[{"href":"https:\/\/diarioregionaldigital.com.br\/index.php?rest_route=\/wp\/v2\/types\/post"}],"author":[{"embeddable":true,"href":"https:\/\/diarioregionaldigital.com.br\/index.php?rest_route=\/wp\/v2\/users\/96"}],"replies":[{"embeddable":true,"href":"https:\/\/diarioregionaldigital.com.br\/index.php?rest_route=%2Fwp%2Fv2%2Fcomments&post=82029"}],"version-history":[{"count":0,"href":"https:\/\/diarioregionaldigital.com.br\/index.php?rest_route=\/wp\/v2\/posts\/82029\/revisions"}],"wp:featuredmedia":[{"embeddable":true,"href":"https:\/\/diarioregionaldigital.com.br\/index.php?rest_route=\/wp\/v2\/media\/82028"}],"wp:attachment":[{"href":"https:\/\/diarioregionaldigital.com.br\/index.php?rest_route=%2Fwp%2Fv2%2Fmedia&parent=82029"}],"wp:term":[{"taxonomy":"category","embeddable":true,"href":"https:\/\/diarioregionaldigital.com.br\/index.php?rest_route=%2Fwp%2Fv2%2Fcategories&post=82029"},{"taxonomy":"post_tag","embeddable":true,"href":"https:\/\/diarioregionaldigital.com.br\/index.php?rest_route=%2Fwp%2Fv2%2Ftags&post=82029"}],"curies":[{"name":"wp","href":"https:\/\/api.w.org\/{rel}","templated":true}]}}