{"id":82027,"date":"2017-09-27T21:07:53","date_gmt":"2017-09-28T00:07:53","guid":{"rendered":"http:\/\/diarioregionaljf.com.br\/2017\/09\/27\/ubs-de-santa-cecilia-oferece-oficina-de-culinaria-do-diabetico\/"},"modified":"2017-09-27T21:07:53","modified_gmt":"2017-09-28T00:07:53","slug":"ubs-de-santa-cecilia-oferece-oficina-de-culinaria-do-diabetico","status":"publish","type":"post","link":"https:\/\/diarioregionaldigital.com.br\/?p=82027","title":{"rendered":"UBS de Santa Cec\u00edlia oferece oficina de \u201cCulin\u00e1ria do Diab\u00e9tico\u201d"},"content":{"rendered":"<p>A Unidade B\u00e1sica de Sa\u00fade (UBS) do Bairro Santa Cec\u00edlia vai realizar, nesta quinta-feira, 28, a d\u00e9cima oficina de \u201cCulin\u00e1ria do Diab\u00e9tico\u201d, direcionada a usu\u00e1rios que t\u00eam hiperglicemia, al\u00e9m cuidadores ou interessados dos bairros referenciados das unidades de Santa Cec\u00edlia, S\u00e3o Mateus e Mundo Novo.<\/p>\n<p>A atividade ser\u00e1 realizada das 15h \u00e0s 16h30, no sal\u00e3o anexo da Igreja Cat\u00f3lica de Santa Cec\u00edlia, localizada na Rua Oleg\u00e1rio Mariano, e ter\u00e1 como tema a \u201cFitoterapia e a Import\u00e2ncia do Seu Uso no Dia a Dia\u201d. A palestrante ser\u00e1 a farmac\u00eautica Glauciemar Die-Vechio Vieira.<\/p>\n<p>O objetivo \u00e9 orientar os diab\u00e9ticos sobre como manter uma alimenta\u00e7\u00e3o saud\u00e1vel, fazendo substitui\u00e7\u00f5es de alimentos que prejudicam o tratamento da doen\u00e7a. O supervisor da UBS, Gilson Mateus Soares, explica que a troca pode ser feita sem perdas: \u201cTem como comer algo agrad\u00e1vel ao paladar e dentro da dieta. Isso ajuda muito e faz parte do tratamento\u201d.<\/p>\n<p>A oficina tem o intuito, tamb\u00e9m, de refor\u00e7ar o cuidado na aten\u00e7\u00e3o prim\u00e1ria, para evitar que o quadro dos pacientes evolua para casos de urg\u00eancia e emerg\u00eancia. \u201cO encontro \u00e9 realizado semestralmente, com tem\u00e1ticas e enfoques diferentes, de forma que o usu\u00e1rio fique sempre atualizado\u201d, destaca Gilson.<\/p>\n<p>A receita do evento ser\u00e1 bolo de coco sem trigo e haver\u00e1 orienta\u00e7\u00f5es e apresenta\u00e7\u00e3o de pe\u00e7as teatrais. Ao final da oficina, os participantes receber\u00e3o ch\u00e1 para uso pr\u00f3prio, al\u00e9m de mudas de plantas, degusta\u00e7\u00e3o da receita do bolo, salada de frutas e iogurte natural.<\/p>\n<hr \/>\n<p>&nbsp;Fonte: Assessoria<\/p>\n","protected":false},"excerpt":{"rendered":"<p>A Unidade B\u00e1sica de Sa\u00fade (UBS) do Bairro Santa Cec\u00edlia vai realizar, nesta quinta-feira, 28, a d\u00e9cima oficina de \u201cCulin\u00e1ria do Diab\u00e9tico\u201d, direcionada a usu\u00e1rios que t\u00eam hiperglicemia, al\u00e9m cuidadores ou interessados dos bairros referenciados das unidades de Santa Cec\u00edlia, S\u00e3o Mateus e Mundo Novo. A atividade ser\u00e1 realizada das 15h \u00e0s 16h30, no sal\u00e3o [&hellip;]<\/p>\n","protected":false},"author":96,"featured_media":82026,"comment_status":"closed","ping_status":"closed","sticky":false,"template":"","format":"standard","meta":{"footnotes":""},"categories":[253],"tags":[],"class_list":["post-82027","post","type-post","status-publish","format-standard","has-post-thumbnail","hentry","category-cidade"],"_links":{"self":[{"href":"https:\/\/diarioregionaldigital.com.br\/index.php?rest_route=\/wp\/v2\/posts\/82027","targetHints":{"allow":["GET"]}}],"collection":[{"href":"https:\/\/diarioregionaldigital.com.br\/index.php?rest_route=\/wp\/v2\/posts"}],"about":[{"href":"https:\/\/diarioregionaldigital.com.br\/index.php?rest_route=\/wp\/v2\/types\/post"}],"author":[{"embeddable":true,"href":"https:\/\/diarioregionaldigital.com.br\/index.php?rest_route=\/wp\/v2\/users\/96"}],"replies":[{"embeddable":true,"href":"https:\/\/diarioregionaldigital.com.br\/index.php?rest_route=%2Fwp%2Fv2%2Fcomments&post=82027"}],"version-history":[{"count":0,"href":"https:\/\/diarioregionaldigital.com.br\/index.php?rest_route=\/wp\/v2\/posts\/82027\/revisions"}],"wp:featuredmedia":[{"embeddable":true,"href":"https:\/\/diarioregionaldigital.com.br\/index.php?rest_route=\/wp\/v2\/media\/82026"}],"wp:attachment":[{"href":"https:\/\/diarioregionaldigital.com.br\/index.php?rest_route=%2Fwp%2Fv2%2Fmedia&parent=82027"}],"wp:term":[{"taxonomy":"category","embeddable":true,"href":"https:\/\/diarioregionaldigital.com.br\/index.php?rest_route=%2Fwp%2Fv2%2Fcategories&post=82027"},{"taxonomy":"post_tag","embeddable":true,"href":"https:\/\/diarioregionaldigital.com.br\/index.php?rest_route=%2Fwp%2Fv2%2Ftags&post=82027"}],"curies":[{"name":"wp","href":"https:\/\/api.w.org\/{rel}","templated":true}]}}